{"id":103615,"date":"2023-06-23T15:26:40","date_gmt":"2023-06-23T18:26:40","guid":{"rendered":"https:\/\/www.actualidadadiario.com\/?p=103615"},"modified":"2023-06-23T15:26:40","modified_gmt":"2023-06-23T18:26:40","slug":"arabia-saudita-grecia-y-egipto-se-retiran-de-la-pugna-por-organizar-el-mundial-2030","status":"publish","type":"post","link":"https:\/\/www.actualidadadiario.com\/index.php\/2023\/06\/23\/arabia-saudita-grecia-y-egipto-se-retiran-de-la-pugna-por-organizar-el-mundial-2030\/","title":{"rendered":"Arabia Saudita, Grecia y Egipto se retiran de la pugna por organizar el Mundial 2030"},"content":{"rendered":"<p style=\"text-align: center;\"><em><strong>La decisi\u00f3n allana el camino para fortalecer la candidatura de Espa\u00f1a, Portugal y Marruecos, pa\u00edses que tendr\u00edan como adversario a la candidatura sudamericana integrada por Argentina, Uruguay, Chile y Paraguay<\/strong><\/em><\/p>\n<p>&nbsp;<\/p>\n<p>&nbsp;<\/p>\n<p>Arabia Saudita se retir\u00f3 este viernes de la carrera por ser organizador de la Copa del Mundo de f\u00fatbol 2030 y se lo comunic\u00f3 a sus socios de la candidatura conjunta, Grecia y Egipto, al considerar que la candidatura de Espa\u00f1a, Portugal y Marruecos es m\u00e1s fuerte.<\/p>\n<p>Saud\u00edes, griegos y egipcios no optar\u00e1n por realizar el Mundial 2030 y, a falta de que puedan centrar sus esfuerzos para la cita de 2034, allanan el camino para fortalecer la candidatura espa\u00f1ola, junto a lusos y marroqu\u00edes, se\u00f1al\u00f3 la agencia francesa AFP.<\/p>\n<p>Ahora, la iniciativa ib\u00e9rica-marroqu\u00ed tendr\u00eda como adversario en la lucha por la sede a la candidatura sudamericana integrada por Argentina, Uruguay, Chile y Paraguay.<\/p>\n<p>Seg\u00fan anunciaron los dirigentes del f\u00fatbol saud\u00ed, el pa\u00eds se retira de la lucha y de la candidatura para coorganizar con Egipto y Grecia el Mundial 2030 porque consideran que esa fecha es &#8220;el a\u00f1o de Europa&#8221;.<\/p>\n<p>&#8220;Se ejerci\u00f3 una presi\u00f3n muy grande para que Espa\u00f1a y Portugal se hicieran cargo de la organizaci\u00f3n&#8221;, argumentaron los saud\u00edes tras retirarse e informar a Grecia y Egipto al respecto, mensaje que estuvo a cargo de su ministro de Relaciones Exteriores, el pr\u00edncipe Faisal Bin Farhan.<\/p>\n<p>Arabia Saud\u00ed, que se iba a hacer cargo de buena parte de las obras de infraestructuras en Egipto y Grecia, se retira de la puja por el Mundial 2030 a siete a\u00f1os de su realizaci\u00f3n, pese a que est\u00e1 reforzando y mucho su liga de f\u00fatbol, con la llegada de figuras como el portugu\u00e9s Cristiano Ronaldo, y los franceses Karim Benzema y Ngolo Kant\u00e9.<\/p>\n","protected":false},"excerpt":{"rendered":"<p>La decisi\u00f3n allana el camino para fortalecer la candidatura de Espa\u00f1a, Portugal y Marruecos, pa\u00edses que tendr\u00edan como adversario a la candidatura sudamericana integrada por Argentina, Uruguay, Chile y Paraguay &nbsp; &nbsp; Arabia Saudita se retir\u00f3 este viernes de la carrera por ser organizador de la Copa del Mundo de f\u00fatbol 2030 y se lo comunic\u00f3 a sus socios de la candidatura conjunta, Grecia y Egipto, al considerar que la candidatura de Espa\u00f1a, Portugal y Marruecos es m\u00e1s fuerte. Saud\u00edes, griegos y egipcios no optar\u00e1n por realizar el Mundial 2030&#8230;<\/p>\n","protected":false},"author":3,"featured_media":103616,"comment_status":"closed","ping_status":"closed","sticky":false,"template":"","format":"standard","meta":[],"categories":[4],"tags":[],"_links":{"self":[{"href":"https:\/\/www.actualidadadiario.com\/index.php\/wp-json\/wp\/v2\/posts\/103615"}],"collection":[{"href":"https:\/\/www.actualidadadiario.com\/index.php\/wp-json\/wp\/v2\/posts"}],"about":[{"href":"https:\/\/www.actualidadadiario.com\/index.php\/wp-json\/wp\/v2\/types\/post"}],"author":[{"embeddable":true,"href":"https:\/\/www.actualidadadiario.com\/index.php\/wp-json\/wp\/v2\/users\/3"}],"replies":[{"embeddable":true,"href":"https:\/\/www.actualidadadiario.com\/index.php\/wp-json\/wp\/v2\/comments?post=103615"}],"version-history":[{"count":1,"href":"https:\/\/www.actualidadadiario.com\/index.php\/wp-json\/wp\/v2\/posts\/103615\/revisions"}],"predecessor-version":[{"id":103617,"href":"https:\/\/www.actualidadadiario.com\/index.php\/wp-json\/wp\/v2\/posts\/103615\/revisions\/103617"}],"wp:featuredmedia":[{"embeddable":true,"href":"https:\/\/www.actualidadadiario.com\/index.php\/wp-json\/wp\/v2\/media\/103616"}],"wp:attachment":[{"href":"https:\/\/www.actualidadadiario.com\/index.php\/wp-json\/wp\/v2\/media?parent=103615"}],"wp:term":[{"taxonomy":"category","embeddable":true,"href":"https:\/\/www.actualidadadiario.com\/index.php\/wp-json\/wp\/v2\/categories?post=103615"},{"taxonomy":"post_tag","embeddable":true,"href":"https:\/\/www.actualidadadiario.com\/index.php\/wp-json\/wp\/v2\/tags?post=103615"}],"curies":[{"name":"wp","href":"https:\/\/api.w.org\/{rel}","templated":true}]}}