{"id":103609,"date":"2023-06-23T15:25:03","date_gmt":"2023-06-23T18:25:03","guid":{"rendered":"https:\/\/www.actualidadadiario.com\/?p=103609"},"modified":"2023-06-23T15:25:03","modified_gmt":"2023-06-23T18:25:03","slug":"uruguay-encuentran-restos-de-una-mujer-desaparecida-durante-la-dictadura-militar","status":"publish","type":"post","link":"https:\/\/www.actualidadadiario.com\/index.php\/2023\/06\/23\/uruguay-encuentran-restos-de-una-mujer-desaparecida-durante-la-dictadura-militar\/","title":{"rendered":"Uruguay: encuentran restos de una mujer desaparecida durante la dictadura militar"},"content":{"rendered":"<p style=\"text-align: center;\"><em><strong>Los restos \u00f3seos fueron encontrados el pasado 6 de junio en el predio del Batall\u00f3n de Infanter\u00eda 14, en Toledo, departamento de Canelones<\/strong><\/em><\/p>\n<p>&nbsp;<\/p>\n<p>&nbsp;<\/p>\n<p>El Grupo de Investigaci\u00f3n en Antropolog\u00eda Forense (GIAF) de Uruguay confirm\u00f3 que los restos encontrados este mes en un predio militar cerca de Montevideo corresponden a una mujer detenida y desaparecida durante la dictadura militar en el pa\u00eds vecino, entre 1973 y 1985.<\/p>\n<p>\u00abEs un enterramiento clandestino, porque ocurre en lugar donde no se puede enterrar a nadie, es un cuerpo que recibi\u00f3 un tratamiento que tiene claras intenciones de ocultamiento al haberle agregado cal\u00bb, se\u00f1al\u00f3 la antrop\u00f3loga Alicia Lusiardo, coordinadora del GIAF, organismo responsable de las excavaciones en busca de los desaparecidos, inform\u00f3 NA.<\/p>\n<p>Por eso, continu\u00f3, \u00abno nos queda duda de que se trata de un enterramiento de un detenido y desaparecido\u00bb. Desde la sede de Madres y Familiares de Uruguayos Detenidos Desaparecidos en Montevideo, explic\u00f3, en cuanto al sexo, que \u00ablas terminaciones de algunas de las piezas tienen claras caracter\u00edsticas de una mujer\u00bb. Agreg\u00f3 que el cr\u00e1neo presenta varias \u00abroturas\u00bb y deber\u00e1 establecerse si eso est\u00e1 relacionado con la muerte de esa persona.<\/p>\n<p>Los restos \u00f3seos fueron encontrados el pasado 6 de junio en el predio del Batall\u00f3n de Infanter\u00eda 14, en Toledo, departamento de Canelones. Esta es una zona preservada por orden judicial para la b\u00fasqueda de detenidos desaparecidos. El GIAF enviar\u00e1 una muestra de los restos al laboratorio de Gen\u00e9tica Forense del Equipo Argentino de Antropolog\u00eda Forense, que cuenta con un banco de datos de familiares de las v\u00edctimas uruguayas de la represi\u00f3n.<\/p>\n<p>&nbsp;<\/p>\n<p><strong>El \u00e1rea excavada<\/strong><\/p>\n<p>Hasta el momento se hallaron e identificaron cinco cuerpos. El primero en 2006 y el \u00faltimo en 2019, de un total de 197 desaparecidos durante el r\u00e9gimen militar, seg\u00fan los datos oficiales. En 2006, el Gobierno de Tabar\u00e9 V\u00e1zquez autoriz\u00f3 la excavaci\u00f3n, despu\u00e9s de que recibieran informaci\u00f3n de que en ese centro militar estaban enterrados los restos de la argentina Mar\u00eda Claudia Garc\u00eda de Gelman.<\/p>\n<p>Este nuevo hallazgo se realiz\u00f3 a unos 130 metros de donde se hab\u00eda realizado la primera excavaci\u00f3n y a ocho metros de la antigua Bodega Vidiella, que todav\u00eda mantiene algunos muros a la vista. Lusiardo sostuvo que, a diferencia de 2006, cuando fue parcialmente excavada la fosa, \u00abahora fue totalmente excavada en la construcci\u00f3n en s\u00ed\u00bb.<\/p>\n<p>Tras el fin de la dictadura, en 1986, en Uruguay se aprob\u00f3 la denominada Ley de Caducidad, refrendada por la ciudadan\u00eda en 1989 y 2009. La misma brind\u00f3 durante a\u00f1os una amnist\u00eda a militares y polic\u00edas que violaron los derechos humanos en la dictadura. Adem\u00e1s, delegaba en el Gobierno la decisi\u00f3n de qu\u00e9 casos pod\u00edan ser juzgados.<\/p>\n<p>En el Batall\u00f3n 14, centro de detenci\u00f3n y tortura durante la dictadura, se\u00f1alado como sitio de memoria por la Ley 19.641. En 2012, tambi\u00e9n se encontraron los restos del periodista y pedagogo Julio Castro, secuestrado y desaparecido en agosto de 1977. Tambi\u00e9n se descubrieron los restos del trabajador Ricardo Blanco, secuestrado en enero de 1978.<\/p>\n","protected":false},"excerpt":{"rendered":"<p>Los restos \u00f3seos fueron encontrados el pasado 6 de junio en el predio del Batall\u00f3n de Infanter\u00eda 14, en Toledo, departamento de Canelones &nbsp; &nbsp; El Grupo de Investigaci\u00f3n en Antropolog\u00eda Forense (GIAF) de Uruguay confirm\u00f3 que los restos encontrados este mes en un predio militar cerca de Montevideo corresponden a una mujer detenida y desaparecida durante la dictadura militar en el pa\u00eds vecino, entre 1973 y 1985. \u00abEs un enterramiento clandestino, porque ocurre en lugar donde no se puede enterrar a nadie, es un cuerpo que recibi\u00f3 un tratamiento&#8230;<\/p>\n","protected":false},"author":3,"featured_media":103610,"comment_status":"closed","ping_status":"closed","sticky":false,"template":"","format":"standard","meta":[],"categories":[4],"tags":[],"_links":{"self":[{"href":"https:\/\/www.actualidadadiario.com\/index.php\/wp-json\/wp\/v2\/posts\/103609"}],"collection":[{"href":"https:\/\/www.actualidadadiario.com\/index.php\/wp-json\/wp\/v2\/posts"}],"about":[{"href":"https:\/\/www.actualidadadiario.com\/index.php\/wp-json\/wp\/v2\/types\/post"}],"author":[{"embeddable":true,"href":"https:\/\/www.actualidadadiario.com\/index.php\/wp-json\/wp\/v2\/users\/3"}],"replies":[{"embeddable":true,"href":"https:\/\/www.actualidadadiario.com\/index.php\/wp-json\/wp\/v2\/comments?post=103609"}],"version-history":[{"count":1,"href":"https:\/\/www.actualidadadiario.com\/index.php\/wp-json\/wp\/v2\/posts\/103609\/revisions"}],"predecessor-version":[{"id":103611,"href":"https:\/\/www.actualidadadiario.com\/index.php\/wp-json\/wp\/v2\/posts\/103609\/revisions\/103611"}],"wp:featuredmedia":[{"embeddable":true,"href":"https:\/\/www.actualidadadiario.com\/index.php\/wp-json\/wp\/v2\/media\/103610"}],"wp:attachment":[{"href":"https:\/\/www.actualidadadiario.com\/index.php\/wp-json\/wp\/v2\/media?parent=103609"}],"wp:term":[{"taxonomy":"category","embeddable":true,"href":"https:\/\/www.actualidadadiario.com\/index.php\/wp-json\/wp\/v2\/categories?post=103609"},{"taxonomy":"post_tag","embeddable":true,"href":"https:\/\/www.actualidadadiario.com\/index.php\/wp-json\/wp\/v2\/tags?post=103609"}],"curies":[{"name":"wp","href":"https:\/\/api.w.org\/{rel}","templated":true}]}}