{"id":103596,"date":"2023-06-23T14:40:54","date_gmt":"2023-06-23T17:40:54","guid":{"rendered":"https:\/\/www.actualidadadiario.com\/?p=103596"},"modified":"2023-06-23T14:40:54","modified_gmt":"2023-06-23T17:40:54","slug":"frigerio-renuncio-a-su-banca-de-diputado-y-lo-reemplaza-benedetti","status":"publish","type":"post","link":"https:\/\/www.actualidadadiario.com\/index.php\/2023\/06\/23\/frigerio-renuncio-a-su-banca-de-diputado-y-lo-reemplaza-benedetti\/","title":{"rendered":"Frigerio renunci\u00f3 a su banca de diputado y lo reemplaza Benedetti"},"content":{"rendered":"<p style=\"text-align: center;\"><em><strong>El precandidato a gobernador de JxC, Rogelio Frigerio, anunci\u00f3 que renunciar\u00e1 a su banca en la C\u00e1mara de Diputados de la Naci\u00f3n para dedicarse a la campa\u00f1a: \u201cEn este momento mi vocaci\u00f3n est\u00e1 enfocada en trabajar para que Entre R\u00edos pueda desplegar su enorme potencial\u201d, dijo. Lo reemplaza Atilio Benedetti<\/strong><\/em><\/p>\n<p>&nbsp;<\/p>\n<p>&nbsp;<\/p>\n<p>\u201cQuiero contarles que decid\u00ed renunciar a mi banca como diputado nacional, cargo al que tuve el honor de acceder gracias al apoyo de cientos de miles de entrerrianos\u201d.<\/p>\n<p>\u201cEn este momento tan dif\u00edcil para mis coprovincianos y para los argentinos, mi vocaci\u00f3n est\u00e1 enfocada en trabajar para que Entre R\u00edos pueda desplegar su enorme potencial\u201d, afirm\u00f3 al tiempo que afirm\u00f3 que su lugar ser\u00e1 ocupado por Atilio Benedetti (quien segu{ia en la lista), un referente de gran trayectoria y compromiso con la provincia\u201d.<\/p>\n<p>En su cuenta de Twitter, Frigerio afirm\u00f3 luego: \u201cYo seguir\u00e9 junto a los entrerrianos, en sus comercios, en sus industrias, en sus campos y en sus escuelas, y continuar\u00e9 mi labor en equipo con cientos de profesionales para transformar la provincia, que puede y debe ocupar el lugar que merece\u201d.<\/p>\n<p>\u201cNo es momento de especular con los cargos de la pol\u00edtica. Esas pr\u00e1cticas le han hecho muy mal a nuestra sociedad. Argentina necesita dirigentes que no pongan sus intereses por sobre los del pueblo\u201d, enfatiz\u00f3 finalmente.<\/p>\n","protected":false},"excerpt":{"rendered":"<p>El precandidato a gobernador de JxC, Rogelio Frigerio, anunci\u00f3 que renunciar\u00e1 a su banca en la C\u00e1mara de Diputados de la Naci\u00f3n para dedicarse a la campa\u00f1a: \u201cEn este momento mi vocaci\u00f3n est\u00e1 enfocada en trabajar para que Entre R\u00edos pueda desplegar su enorme potencial\u201d, dijo. Lo reemplaza Atilio Benedetti &nbsp; &nbsp; \u201cQuiero contarles que decid\u00ed renunciar a mi banca como diputado nacional, cargo al que tuve el honor de acceder gracias al apoyo de cientos de miles de entrerrianos\u201d. \u201cEn este momento tan dif\u00edcil para mis coprovincianos y para&#8230;<\/p>\n","protected":false},"author":3,"featured_media":103597,"comment_status":"closed","ping_status":"closed","sticky":false,"template":"","format":"standard","meta":[],"categories":[15],"tags":[],"_links":{"self":[{"href":"https:\/\/www.actualidadadiario.com\/index.php\/wp-json\/wp\/v2\/posts\/103596"}],"collection":[{"href":"https:\/\/www.actualidadadiario.com\/index.php\/wp-json\/wp\/v2\/posts"}],"about":[{"href":"https:\/\/www.actualidadadiario.com\/index.php\/wp-json\/wp\/v2\/types\/post"}],"author":[{"embeddable":true,"href":"https:\/\/www.actualidadadiario.com\/index.php\/wp-json\/wp\/v2\/users\/3"}],"replies":[{"embeddable":true,"href":"https:\/\/www.actualidadadiario.com\/index.php\/wp-json\/wp\/v2\/comments?post=103596"}],"version-history":[{"count":1,"href":"https:\/\/www.actualidadadiario.com\/index.php\/wp-json\/wp\/v2\/posts\/103596\/revisions"}],"predecessor-version":[{"id":103598,"href":"https:\/\/www.actualidadadiario.com\/index.php\/wp-json\/wp\/v2\/posts\/103596\/revisions\/103598"}],"wp:featuredmedia":[{"embeddable":true,"href":"https:\/\/www.actualidadadiario.com\/index.php\/wp-json\/wp\/v2\/media\/103597"}],"wp:attachment":[{"href":"https:\/\/www.actualidadadiario.com\/index.php\/wp-json\/wp\/v2\/media?parent=103596"}],"wp:term":[{"taxonomy":"category","embeddable":true,"href":"https:\/\/www.actualidadadiario.com\/index.php\/wp-json\/wp\/v2\/categories?post=103596"},{"taxonomy":"post_tag","embeddable":true,"href":"https:\/\/www.actualidadadiario.com\/index.php\/wp-json\/wp\/v2\/tags?post=103596"}],"curies":[{"name":"wp","href":"https:\/\/api.w.org\/{rel}","templated":true}]}}