{"id":103593,"date":"2023-06-23T14:40:06","date_gmt":"2023-06-23T17:40:06","guid":{"rendered":"https:\/\/www.actualidadadiario.com\/?p=103593"},"modified":"2023-06-23T14:40:06","modified_gmt":"2023-06-23T17:40:06","slug":"el-justicialismo-de-federacion-apoyo-la-precandidatura-de-adan-bahl-para-gobernador","status":"publish","type":"post","link":"https:\/\/www.actualidadadiario.com\/index.php\/2023\/06\/23\/el-justicialismo-de-federacion-apoyo-la-precandidatura-de-adan-bahl-para-gobernador\/","title":{"rendered":"El Justicialismo de Federaci\u00f3n apoy\u00f3 la precandidatura de Ad\u00e1n Bahl para gobernador"},"content":{"rendered":"<p style=\"text-align: center;\"><em><strong>Adem\u00e1s, le propusieron un trabajo de la militancia para que sea \u00e9l quien gobierne la provincia y pueda continuar con el trabajo que ha realizado Gustavo Bordet, actual gobernador<\/strong><\/em><\/p>\n<p>&nbsp;<\/p>\n<p>&nbsp;<\/p>\n<p>Encabezado por el Presidente Municipal Ricardo Bravo, el partido pol\u00edtico manifest\u00f3 acompa\u00f1amiento a la precandidatura del actual Intendente de Paran\u00e1 Ad\u00e1n Humberto Bahl, como candidato a Gobernador de la Provincia de Entre R\u00edos.<\/p>\n<p>El Intendente de Federaci\u00f3n, que encabeza el Justicialismo en esta ciudad se posicion\u00f3 a favor de la elecci\u00f3n, manifestando conocerlo y sabiendo de la gran gesti\u00f3n que est\u00e1 llevando adelante en Paran\u00e1. \u201cEl actual Presidente Municipal de la Capital Provincial Ad\u00e1n Bahl, tiene una amplia trayectoria en la funci\u00f3n p\u00fablica\u201d.<\/p>\n<p>A modo de recorrido, Bravo mencion\u00f3 los diferentes cargos que ha cumplido Bahl. Entre ellos mencion\u00f3 el Tribunal de Cuentas de la Provincia de Entre R\u00edos como integrante del cuerpo de auditores ; Director del servicio contable de la Secretar\u00eda de Obras y Servicios P\u00fablicos de la provincia; Ministro de Gobierno, Educaci\u00f3n, Obras y Servicios P\u00fablicos; y la presidencia del Senado Provincial, culminando luego como Intendente de Paran\u00e1.<\/p>\n<p>A modo de resumen, se\u00f1al\u00f3 que Ad\u00e1n Bahl \u201ces el candidato para conducir los destinos de la Provincia, por el Frente \u00abM\u00e1s para Entre R\u00edos\u00bb, elegido por el Gobernador Bordet en consenso con los referentes del Justicialismo y que hoy cuenta con el total apoyo del PJ en la ciudad de Federaci\u00f3n\u201d.<\/p>\n","protected":false},"excerpt":{"rendered":"<p>Adem\u00e1s, le propusieron un trabajo de la militancia para que sea \u00e9l quien gobierne la provincia y pueda continuar con el trabajo que ha realizado Gustavo Bordet, actual gobernador &nbsp; &nbsp; Encabezado por el Presidente Municipal Ricardo Bravo, el partido pol\u00edtico manifest\u00f3 acompa\u00f1amiento a la precandidatura del actual Intendente de Paran\u00e1 Ad\u00e1n Humberto Bahl, como candidato a Gobernador de la Provincia de Entre R\u00edos. El Intendente de Federaci\u00f3n, que encabeza el Justicialismo en esta ciudad se posicion\u00f3 a favor de la elecci\u00f3n, manifestando conocerlo y sabiendo de la gran gesti\u00f3n&#8230;<\/p>\n","protected":false},"author":3,"featured_media":103594,"comment_status":"closed","ping_status":"closed","sticky":false,"template":"","format":"standard","meta":[],"categories":[15],"tags":[],"_links":{"self":[{"href":"https:\/\/www.actualidadadiario.com\/index.php\/wp-json\/wp\/v2\/posts\/103593"}],"collection":[{"href":"https:\/\/www.actualidadadiario.com\/index.php\/wp-json\/wp\/v2\/posts"}],"about":[{"href":"https:\/\/www.actualidadadiario.com\/index.php\/wp-json\/wp\/v2\/types\/post"}],"author":[{"embeddable":true,"href":"https:\/\/www.actualidadadiario.com\/index.php\/wp-json\/wp\/v2\/users\/3"}],"replies":[{"embeddable":true,"href":"https:\/\/www.actualidadadiario.com\/index.php\/wp-json\/wp\/v2\/comments?post=103593"}],"version-history":[{"count":1,"href":"https:\/\/www.actualidadadiario.com\/index.php\/wp-json\/wp\/v2\/posts\/103593\/revisions"}],"predecessor-version":[{"id":103595,"href":"https:\/\/www.actualidadadiario.com\/index.php\/wp-json\/wp\/v2\/posts\/103593\/revisions\/103595"}],"wp:featuredmedia":[{"embeddable":true,"href":"https:\/\/www.actualidadadiario.com\/index.php\/wp-json\/wp\/v2\/media\/103594"}],"wp:attachment":[{"href":"https:\/\/www.actualidadadiario.com\/index.php\/wp-json\/wp\/v2\/media?parent=103593"}],"wp:term":[{"taxonomy":"category","embeddable":true,"href":"https:\/\/www.actualidadadiario.com\/index.php\/wp-json\/wp\/v2\/categories?post=103593"},{"taxonomy":"post_tag","embeddable":true,"href":"https:\/\/www.actualidadadiario.com\/index.php\/wp-json\/wp\/v2\/tags?post=103593"}],"curies":[{"name":"wp","href":"https:\/\/api.w.org\/{rel}","templated":true}]}}