{"id":103590,"date":"2023-06-23T14:39:19","date_gmt":"2023-06-23T17:39:19","guid":{"rendered":"https:\/\/www.actualidadadiario.com\/?p=103590"},"modified":"2023-06-23T14:39:19","modified_gmt":"2023-06-23T17:39:19","slug":"la-desocupacion-llego-al-47-en-parana-y-al-85-en-concordia-durante-el-primer-trimestre-del-ano","status":"publish","type":"post","link":"https:\/\/www.actualidadadiario.com\/index.php\/2023\/06\/23\/la-desocupacion-llego-al-47-en-parana-y-al-85-en-concordia-durante-el-primer-trimestre-del-ano\/","title":{"rendered":"La desocupaci\u00f3n lleg\u00f3 al 4,7 en Paran\u00e1 y al 8,5 en Concordia durante el primer trimestre del a\u00f1o"},"content":{"rendered":"<p style=\"text-align: center;\"><em><strong>Seg\u00fan los datos revelados este jueves por el Instituto Nacional de Estad\u00edstica y Censos (Indec), los dos principales conglomerados de la provincia registraron un aumento en los niveles de desempleo en comparaci\u00f3n con el mismo per\u00edodo de 2022. A nivel nacional el desempleo fue del 6,9<\/strong><\/em><\/p>\n<p>&nbsp;<\/p>\n<p>&nbsp;<\/p>\n<p>El Indec revel\u00f3 este jueves que la desocupaci\u00f3n en Argentina, durante los primeros tres meses del a\u00f1o fue del 6,9 por ciento, una d\u00e9cima por debajo si se lo compara con el mismo per\u00edodo de 2022.<\/p>\n<p>En Entre R\u00edos, el Organismo mide el conglomerado del Gran Paran\u00e1, en donde la desocupaci\u00f3n alcanz\u00f3 el 4,7 por ciento; un 0,8 por ciento m\u00e1s que hace un a\u00f1o atr\u00e1s. Adem\u00e1s, los ocupados demandantes de trabajo alcanzaron el 17 por ciento, mientras que los subocupados el 14,9 por ciento.<\/p>\n<p>En Concordia, en tanto, el desempleo alcanz\u00f3 lleg\u00f3 al 8,5 por ciento; un 0,7 por ciento m\u00e1s que en los primeros tres meses del a\u00f1o pasado. Los ocupados demandantes de trabajo tambi\u00e9n se vieron incrementados en 10 puntos tras llegar al 26,8 por ciento. Por \u00faltimo, el Indec revel\u00f3 que los subocupados alcanzaron el 11 por ciento.<\/p>\n","protected":false},"excerpt":{"rendered":"<p>Seg\u00fan los datos revelados este jueves por el Instituto Nacional de Estad\u00edstica y Censos (Indec), los dos principales conglomerados de la provincia registraron un aumento en los niveles de desempleo en comparaci\u00f3n con el mismo per\u00edodo de 2022. A nivel nacional el desempleo fue del 6,9 &nbsp; &nbsp; El Indec revel\u00f3 este jueves que la desocupaci\u00f3n en Argentina, durante los primeros tres meses del a\u00f1o fue del 6,9 por ciento, una d\u00e9cima por debajo si se lo compara con el mismo per\u00edodo de 2022. En Entre R\u00edos, el Organismo mide&#8230;<\/p>\n","protected":false},"author":3,"featured_media":103591,"comment_status":"closed","ping_status":"closed","sticky":false,"template":"","format":"standard","meta":[],"categories":[9,15],"tags":[],"_links":{"self":[{"href":"https:\/\/www.actualidadadiario.com\/index.php\/wp-json\/wp\/v2\/posts\/103590"}],"collection":[{"href":"https:\/\/www.actualidadadiario.com\/index.php\/wp-json\/wp\/v2\/posts"}],"about":[{"href":"https:\/\/www.actualidadadiario.com\/index.php\/wp-json\/wp\/v2\/types\/post"}],"author":[{"embeddable":true,"href":"https:\/\/www.actualidadadiario.com\/index.php\/wp-json\/wp\/v2\/users\/3"}],"replies":[{"embeddable":true,"href":"https:\/\/www.actualidadadiario.com\/index.php\/wp-json\/wp\/v2\/comments?post=103590"}],"version-history":[{"count":1,"href":"https:\/\/www.actualidadadiario.com\/index.php\/wp-json\/wp\/v2\/posts\/103590\/revisions"}],"predecessor-version":[{"id":103592,"href":"https:\/\/www.actualidadadiario.com\/index.php\/wp-json\/wp\/v2\/posts\/103590\/revisions\/103592"}],"wp:featuredmedia":[{"embeddable":true,"href":"https:\/\/www.actualidadadiario.com\/index.php\/wp-json\/wp\/v2\/media\/103591"}],"wp:attachment":[{"href":"https:\/\/www.actualidadadiario.com\/index.php\/wp-json\/wp\/v2\/media?parent=103590"}],"wp:term":[{"taxonomy":"category","embeddable":true,"href":"https:\/\/www.actualidadadiario.com\/index.php\/wp-json\/wp\/v2\/categories?post=103590"},{"taxonomy":"post_tag","embeddable":true,"href":"https:\/\/www.actualidadadiario.com\/index.php\/wp-json\/wp\/v2\/tags?post=103590"}],"curies":[{"name":"wp","href":"https:\/\/api.w.org\/{rel}","templated":true}]}}