{"id":103581,"date":"2023-06-23T14:36:39","date_gmt":"2023-06-23T17:36:39","guid":{"rendered":"https:\/\/www.actualidadadiario.com\/?p=103581"},"modified":"2023-06-23T14:36:39","modified_gmt":"2023-06-23T17:36:39","slug":"larreta-presento-a-morales-como-companero-de-formula-para-las-paso-es-un-tipo-de-accion-de-ir-al-frente","status":"publish","type":"post","link":"https:\/\/www.actualidadadiario.com\/index.php\/2023\/06\/23\/larreta-presento-a-morales-como-companero-de-formula-para-las-paso-es-un-tipo-de-accion-de-ir-al-frente\/","title":{"rendered":"Larreta present\u00f3 a Morales como compa\u00f1ero de f\u00f3rmula para las PASO: &#8220;Es un tipo de acci\u00f3n, de ir al frente&#8221;"},"content":{"rendered":"<p style=\"text-align: center;\"><em><strong>El precandidato presidencial del PRO eligi\u00f3 al gobernador juje\u00f1o como postulante a vicepresidente<\/strong><\/em><\/p>\n<p>&nbsp;<\/p>\n<p>&nbsp;<\/p>\n<p>El precandidato presidencial del PRO Horacio Rodr\u00edguez Larreta present\u00f3 al gobernador de Jujuy, Gerardo Morales, como su compa\u00f1ero de f\u00f3rmula para competir en las elecciones Primarias, Abiertas, Simult\u00e1neas y Obligatorias (PASO) del domingo 13 de agosto.<\/p>\n<p>&#8220;Es una gran alegr\u00eda, un gran honor, un gran orgullo contarles que Gerardo Morales va a ser quien me acompa\u00f1e como candidato a vicepresidente para cambiarle la vida a todos los argentinos&#8221;, sostuvo el jefe de Gobierno porte\u00f1o.<\/p>\n<p>Durante el anuncio, realizado en un sal\u00f3n del barrio porte\u00f1o de Palermo, el referente del PRO defini\u00f3 al presidente del Comit\u00e9 Nacional de la UCR como &#8220;un tipo de acci\u00f3n, de ir al frente, del hacer&#8221;.<\/p>\n<p>&#8220;Esta experiencia, esta capacidad de hacer, de gesti\u00f3n, de la acci\u00f3n, adem\u00e1s se combina con otras virtudes, que no es f\u00e1cil encontrarlas en una persona: representa el federalismo, la importancia que tienen las provincias para que tengan el rol que se merecen; como presidente del radicalismo, un partido que est\u00e1 en todo el pa\u00eds y representa las banderas del trabajo, de la gente com\u00fan, de las ganas de superarse y la defensa siempre a la democracia y a las instituciones; y tambi\u00e9n es un tipo que se la banca, un tipo valiente, no le tiembla el pulso para defender sus convicciones, los derechos de los juje\u00f1os&#8221;, agreg\u00f3.<\/p>\n<p>De esta manera, sale a la cancha una nueva f\u00f3rmula mixta en Juntos por el Cambio, ya que la tambi\u00e9n aspirante a la Casa Rosada por el PRO, Patricia Bullrich, eligi\u00f3 como precandidato a vicepresidente al ex diputado nacional de la UCR Luis Petri.<\/p>\n<p>As\u00ed, se termin\u00f3 de confirmar la declinaci\u00f3n de Morales a sus intenciones de competir por la Presidencia de la Naci\u00f3n, mientras que el diputado nacional de la UCR Facundo Manes ratific\u00f3 su precandidatura para que haya un postulante radical.<\/p>\n<p>Hasta la noche del pasado jueves, el jefe de Gobierno porte\u00f1o evit\u00f3 decir p\u00fablicamente qui\u00e9n lo acompa\u00f1ar\u00eda en la f\u00f3rmula presidencial: &#8220;No est\u00e1 definido. Todav\u00eda tenemos 48 horas. No creo en las decisiones individuales&#8221;.<\/p>\n<p>En declaraciones a TN, Rodr\u00edguez Larreta se refiri\u00f3 a la figura de Morales, indic\u00f3: &#8220;Lo respeto much\u00edsimo. Lo recontra banco en lo que hizo esta semana de frenar la violencia en Jujuy. Hace tres d\u00edas que est\u00e1 concentrado en eso, as\u00ed que no he podido hablar demasiado&#8221;.<\/p>\n<p>Incluso, el propio juje\u00f1o hab\u00eda se\u00f1alado a mediados de esta semana que era &#8220;candidato a Presidente&#8221;, aunque hab\u00eda avisado: &#8220;No hay que descartar que podamos generar f\u00f3rmulas integradas, que creo que es el camino\u201d.<\/p>\n","protected":false},"excerpt":{"rendered":"<p>El precandidato presidencial del PRO eligi\u00f3 al gobernador juje\u00f1o como postulante a vicepresidente &nbsp; &nbsp; El precandidato presidencial del PRO Horacio Rodr\u00edguez Larreta present\u00f3 al gobernador de Jujuy, Gerardo Morales, como su compa\u00f1ero de f\u00f3rmula para competir en las elecciones Primarias, Abiertas, Simult\u00e1neas y Obligatorias (PASO) del domingo 13 de agosto. &#8220;Es una gran alegr\u00eda, un gran honor, un gran orgullo contarles que Gerardo Morales va a ser quien me acompa\u00f1e como candidato a vicepresidente para cambiarle la vida a todos los argentinos&#8221;, sostuvo el jefe de Gobierno porte\u00f1o. Durante&#8230;<\/p>\n","protected":false},"author":3,"featured_media":103582,"comment_status":"closed","ping_status":"closed","sticky":false,"template":"","format":"standard","meta":[],"categories":[18],"tags":[],"_links":{"self":[{"href":"https:\/\/www.actualidadadiario.com\/index.php\/wp-json\/wp\/v2\/posts\/103581"}],"collection":[{"href":"https:\/\/www.actualidadadiario.com\/index.php\/wp-json\/wp\/v2\/posts"}],"about":[{"href":"https:\/\/www.actualidadadiario.com\/index.php\/wp-json\/wp\/v2\/types\/post"}],"author":[{"embeddable":true,"href":"https:\/\/www.actualidadadiario.com\/index.php\/wp-json\/wp\/v2\/users\/3"}],"replies":[{"embeddable":true,"href":"https:\/\/www.actualidadadiario.com\/index.php\/wp-json\/wp\/v2\/comments?post=103581"}],"version-history":[{"count":1,"href":"https:\/\/www.actualidadadiario.com\/index.php\/wp-json\/wp\/v2\/posts\/103581\/revisions"}],"predecessor-version":[{"id":103583,"href":"https:\/\/www.actualidadadiario.com\/index.php\/wp-json\/wp\/v2\/posts\/103581\/revisions\/103583"}],"wp:featuredmedia":[{"embeddable":true,"href":"https:\/\/www.actualidadadiario.com\/index.php\/wp-json\/wp\/v2\/media\/103582"}],"wp:attachment":[{"href":"https:\/\/www.actualidadadiario.com\/index.php\/wp-json\/wp\/v2\/media?parent=103581"}],"wp:term":[{"taxonomy":"category","embeddable":true,"href":"https:\/\/www.actualidadadiario.com\/index.php\/wp-json\/wp\/v2\/categories?post=103581"},{"taxonomy":"post_tag","embeddable":true,"href":"https:\/\/www.actualidadadiario.com\/index.php\/wp-json\/wp\/v2\/tags?post=103581"}],"curies":[{"name":"wp","href":"https:\/\/api.w.org\/{rel}","templated":true}]}}