{"id":103578,"date":"2023-06-23T14:35:53","date_gmt":"2023-06-23T17:35:53","guid":{"rendered":"https:\/\/www.actualidadadiario.com\/?p=103578"},"modified":"2023-06-23T14:35:53","modified_gmt":"2023-06-23T17:35:53","slug":"quintela-massa-no-esta-descartado-es-uno-de-los-mas-importantes-candidatos-que-puede-presentar-el-peronismo","status":"publish","type":"post","link":"https:\/\/www.actualidadadiario.com\/index.php\/2023\/06\/23\/quintela-massa-no-esta-descartado-es-uno-de-los-mas-importantes-candidatos-que-puede-presentar-el-peronismo\/","title":{"rendered":"Quintela: &#8220;Massa no est\u00e1 descartado, es uno de los m\u00e1s importantes candidatos que puede presentar el peronismo&#8221;"},"content":{"rendered":"<p style=\"text-align: center;\"><em><strong>El gobernador de La Rioja respald\u00f3 el lanzamiento de Eduardo &#8220;Wado&#8221; de Pedro y no descart\u00f3 al ministro de Econom\u00eda<\/strong><\/em><\/p>\n<p>&nbsp;<\/p>\n<p>&nbsp;<\/p>\n<p>El gobernador de La Rioja, Ricardo Quintela, insisti\u00f3 en la postura de la Liga de los Gobernadores por una lista de unidad y no descart\u00f3 una potencial f\u00f3rmula que contemple al ministro de Econom\u00eda y titular del Frente Renovador, Sergio Massa, el d\u00eda despu\u00e9s de que la combinaci\u00f3n Eduardo &#8220;Wado&#8221; de Pedro &#8211; Juan Manzur sonara para competir en la interna de Uni\u00f3n por la Patria.<\/p>\n<p>&#8220;Faltan 48 horas para inscribir las listas y hasta \u00faltimo momento sugiero que agotemos las instancias del di\u00e1logo para poder sintetizar en una sola propuesta y que todos nos encolumnemos detr\u00e1s de la misma&#8221;, expres\u00f3 en l\u00ednea con el comunicado firmado por los mandatarios provinciales oficialistas difundido por Axel Kicillof.<\/p>\n<p>Para Quintela a\u00fan hay tiempo para acordar una lista de consenso del espacio donde Massa sea protagonista: &#8220;No est\u00e1 para nada descartado, es uno de los hombres m\u00e1s importantes del gobierno y de los m\u00e1s importantes que puede presentar el peronismo&#8221;. Se trata adem\u00e1s de uno de los pedidos centrales que le expusieron ayer Ra\u00fal Jalil (Catamarca) y Gerardo Zamora (Santiago del Estero) al presidente Alberto Fern\u00e1ndez durante el encuentro que protagonizaron en Casa Rosada.<\/p>\n<p>&#8220;Nos comentaron que hubo buena predisposici\u00f3n para garantizar m\u00ednimamente la posibilidad de una propuesta \u00fanica que pueda sintetizar las expectativas de todos los compa\u00f1eros y podamos encolumnarnos con un programa fuerte&#8221;, revel\u00f3 en declaraciones radiales sobre el intercambio.<\/p>\n<p>Si bien el gobernador se cuid\u00f3 de no descalificar al embajador de Brasil y precandidato a presidente, Daniel Scioli, sostuvo que para las provincias &#8220;se hace dif\u00edcil&#8221; optar por m\u00e1s de una lista. &#8220;Pedimos que nos simplifiquen el problema y que no busquen resolver solamente el problema del AMBA sino que haya una buena representaci\u00f3n y propuesta que nos represente a todos, una lista \u00fanica que genere empat\u00eda con la gente y expectativas positivas&#8221;, remarc\u00f3.<\/p>\n<p>En sinton\u00eda, subray\u00f3 que Scioli puede &#8220;servir al pa\u00eds desde cualquier espacio y donde le toque desempe\u00f1ar su tarea&#8221;, y plante\u00f3 que &#8220;lo importante es conformar un equipo fuerte, solido, que pueda tener una propuesta interesante para que la sociedad vuelva a entusiasmarse&#8221;.<\/p>\n<p>Por \u00faltimo, respald\u00f3 las intenciones de Wado de Pedro de ser candidato y acus\u00f3 a Juntos por el Cambio de ser una oposici\u00f3n &#8220;violenta&#8221; por querer lograr &#8220;un orden a partir de un esquema represivo&#8221;. &#8220;Nosotros planteamos orden a partir de un esquema de inclusi\u00f3n, de desarrollo y de crecimiento, no solo los derechos a manifestarse y a reclamar sino a tener un trabajo digno, a tener la posibilidad de alimentar y educar a sus hijos a partir de una propuesta \u00fanica&#8221;, concluy\u00f3 Quintela.<\/p>\n","protected":false},"excerpt":{"rendered":"<p>El gobernador de La Rioja respald\u00f3 el lanzamiento de Eduardo &#8220;Wado&#8221; de Pedro y no descart\u00f3 al ministro de Econom\u00eda &nbsp; &nbsp; El gobernador de La Rioja, Ricardo Quintela, insisti\u00f3 en la postura de la Liga de los Gobernadores por una lista de unidad y no descart\u00f3 una potencial f\u00f3rmula que contemple al ministro de Econom\u00eda y titular del Frente Renovador, Sergio Massa, el d\u00eda despu\u00e9s de que la combinaci\u00f3n Eduardo &#8220;Wado&#8221; de Pedro &#8211; Juan Manzur sonara para competir en la interna de Uni\u00f3n por la Patria. &#8220;Faltan 48&#8230;<\/p>\n","protected":false},"author":3,"featured_media":103579,"comment_status":"closed","ping_status":"closed","sticky":false,"template":"","format":"standard","meta":[],"categories":[18],"tags":[],"_links":{"self":[{"href":"https:\/\/www.actualidadadiario.com\/index.php\/wp-json\/wp\/v2\/posts\/103578"}],"collection":[{"href":"https:\/\/www.actualidadadiario.com\/index.php\/wp-json\/wp\/v2\/posts"}],"about":[{"href":"https:\/\/www.actualidadadiario.com\/index.php\/wp-json\/wp\/v2\/types\/post"}],"author":[{"embeddable":true,"href":"https:\/\/www.actualidadadiario.com\/index.php\/wp-json\/wp\/v2\/users\/3"}],"replies":[{"embeddable":true,"href":"https:\/\/www.actualidadadiario.com\/index.php\/wp-json\/wp\/v2\/comments?post=103578"}],"version-history":[{"count":1,"href":"https:\/\/www.actualidadadiario.com\/index.php\/wp-json\/wp\/v2\/posts\/103578\/revisions"}],"predecessor-version":[{"id":103580,"href":"https:\/\/www.actualidadadiario.com\/index.php\/wp-json\/wp\/v2\/posts\/103578\/revisions\/103580"}],"wp:featuredmedia":[{"embeddable":true,"href":"https:\/\/www.actualidadadiario.com\/index.php\/wp-json\/wp\/v2\/media\/103579"}],"wp:attachment":[{"href":"https:\/\/www.actualidadadiario.com\/index.php\/wp-json\/wp\/v2\/media?parent=103578"}],"wp:term":[{"taxonomy":"category","embeddable":true,"href":"https:\/\/www.actualidadadiario.com\/index.php\/wp-json\/wp\/v2\/categories?post=103578"},{"taxonomy":"post_tag","embeddable":true,"href":"https:\/\/www.actualidadadiario.com\/index.php\/wp-json\/wp\/v2\/tags?post=103578"}],"curies":[{"name":"wp","href":"https:\/\/api.w.org\/{rel}","templated":true}]}}