{"id":103575,"date":"2023-06-23T14:35:07","date_gmt":"2023-06-23T17:35:07","guid":{"rendered":"https:\/\/www.actualidadadiario.com\/?p=103575"},"modified":"2023-06-23T14:35:07","modified_gmt":"2023-06-23T17:35:07","slug":"la-afip-denuncio-pagos-indebidos-y-otros-negocios-durante-el-gobierno-de-macri","status":"publish","type":"post","link":"https:\/\/www.actualidadadiario.com\/index.php\/2023\/06\/23\/la-afip-denuncio-pagos-indebidos-y-otros-negocios-durante-el-gobierno-de-macri\/","title":{"rendered":"La AFIP denunci\u00f3 \u00abpagos indebidos\u00bb y otros \u00abnegocios\u00bb durante el gobierno de Macri"},"content":{"rendered":"<p style=\"text-align: center;\"><em><strong>Los presuntos delitos fueron cometidos entre 2016 y 2019, e involucra al extitular del organismo Alberto Abad y otros tres exfuncionarios. Los cinco abogados que habr\u00edan sido beneficiados con contrataciones externas<\/strong><\/em><\/p>\n<p>&nbsp;<\/p>\n<p>&nbsp;<\/p>\n<p>La AFIP denunci\u00f3 al extitular del organismo durante el gobierno de Mauricio Macri, Alberto Abad, otros exfuncionarios y un grupo de abogados por supuestos delitos en la contrataci\u00f3n externa de servicios legales entre enero de 2016 y diciembre de 2019.<\/p>\n<p>La denuncia, cuya investigaci\u00f3n qued\u00f3 a cargo del juez federal Sebasti\u00e1n Casanello, se present\u00f3 por los presuntos delitos de \u00abviolaci\u00f3n de secreto, oficial, abuso de autoridad, violaci\u00f3n de deberes de funcionario p\u00fablico, usurpaci\u00f3n de autoridad, malversaci\u00f3n de caudales\u00bb, entre otros, informaron fuentes judiciales.<\/p>\n<p>Los denunciados son el extitular de la AFIP Abad y los ex funcionarios Mar\u00eda Jimena de la Torre, Eliseo Devoto y Alejandro Alteiri adem\u00e1s de los abogados que habr\u00edan sido beneficiados con estas contrataciones.<\/p>\n<p>Se trata de Ricardo Gil Lavedra, Alejandro Carri\u00f3, Maximiliano Reussi, Juan Jos\u00e9 Avila y Tom\u00e1s Farini Duggan.<\/p>\n<p>Seg\u00fan la denuncia los entonces funcionarios de AFIP habr\u00edan \u00abfacilitado\u00bb o \u00abse beneficiaron de los hechos denunciados\u00bb<\/p>\n<p>El organismo pidi\u00f3 que se investigue el supuesto delito en \u00abla contrataci\u00f3n por parte de la AFIP de profesionales externos desde el 1 de enero de 2016 al 31 de diciembre de 2019\u00bb.<\/p>\n<p>\u00abAl momento en que sucedieron los hechos, AFIP contaba con personal de planta superior a 22.000 personas, de los cuales 5000 eran abogados y abogadas altamente especializados\u00bb, se remarc\u00f3.<\/p>\n<p>La denuncia se present\u00f3 luego de realizarse una auditor\u00eda interna que concluy\u00f3 que pudo haber contrataciones directas, que algunos de estos letrados comenzaron a intervenir en causas penales de \u00abtrascendencia institucional\u00bb antes de cumplirse con los procedimientos administrativos para la designaci\u00f3n.<\/p>\n<p>En la denuncia se aludi\u00f3 adem\u00e1s a posibles \u00abpagos indebidos\u00bb sin control de \u00abprestaci\u00f3n de servicios\u00bb y se mencion\u00f3 que, en algunos per\u00edodos de contrataci\u00f3n, incluso hubo abogados que estuvieron fuera del pa\u00eds por per\u00edodos superiores a los tres meses.<\/p>\n<p>La denuncia fue presentada por Gloria Gonz\u00e1lez, Directora interina de la Direcci\u00f3n de Sumarios Administrativos de AFIP.<\/p>\n<p>\u00abLas circunstancias narradas que, cabe reiterar, no son sino consecuencia de los minuciosos informes elaborados por la Unidad de Auditoria Interna evidenciar\u00edan, cuanto menos, un modo de actuar manifiestamente apartado al requerido por el ordenamiento normativo para agentes y funcionarios\u00bb, concluy\u00f3 la denuncia.<\/p>\n<p>Se trata de funcionarios \u00bb a quienes la Administraci\u00f3n le confi\u00f3 la responsabilidad de observar y hacer observar las leyes y reglamentaciones que se encontraban a su cargo\u00bb, se agreg\u00f3.<\/p>\n<p>En la investigaci\u00f3n, remarc\u00f3 el organismo en su denuncia, \u00abemerger\u00e1n con claridad pr\u00edstina situaciones que imponen la investigaci\u00f3n de diversas hip\u00f3tesis de contenido delictivo\u00bb.<\/p>\n<p>Para la AFIP se habr\u00eda tratado de comportamientos que \u00abda\u00f1an profundamente la credibilidad de la ciudadan\u00eda en las instituciones democr\u00e1ticas y republicanas, de modo que cabe a la judicatura, mediante un t\u00edpico accionar de prevenci\u00f3n positiva, restaurar la confianza quebrantada en las normas que habr\u00edan sido conculcadas\u00bb, concluy\u00f3 la presentaci\u00f3n judicial.<\/p>\n","protected":false},"excerpt":{"rendered":"<p>Los presuntos delitos fueron cometidos entre 2016 y 2019, e involucra al extitular del organismo Alberto Abad y otros tres exfuncionarios. Los cinco abogados que habr\u00edan sido beneficiados con contrataciones externas &nbsp; &nbsp; La AFIP denunci\u00f3 al extitular del organismo durante el gobierno de Mauricio Macri, Alberto Abad, otros exfuncionarios y un grupo de abogados por supuestos delitos en la contrataci\u00f3n externa de servicios legales entre enero de 2016 y diciembre de 2019. La denuncia, cuya investigaci\u00f3n qued\u00f3 a cargo del juez federal Sebasti\u00e1n Casanello, se present\u00f3 por los presuntos&#8230;<\/p>\n","protected":false},"author":3,"featured_media":103576,"comment_status":"closed","ping_status":"closed","sticky":false,"template":"","format":"standard","meta":[],"categories":[18],"tags":[],"_links":{"self":[{"href":"https:\/\/www.actualidadadiario.com\/index.php\/wp-json\/wp\/v2\/posts\/103575"}],"collection":[{"href":"https:\/\/www.actualidadadiario.com\/index.php\/wp-json\/wp\/v2\/posts"}],"about":[{"href":"https:\/\/www.actualidadadiario.com\/index.php\/wp-json\/wp\/v2\/types\/post"}],"author":[{"embeddable":true,"href":"https:\/\/www.actualidadadiario.com\/index.php\/wp-json\/wp\/v2\/users\/3"}],"replies":[{"embeddable":true,"href":"https:\/\/www.actualidadadiario.com\/index.php\/wp-json\/wp\/v2\/comments?post=103575"}],"version-history":[{"count":1,"href":"https:\/\/www.actualidadadiario.com\/index.php\/wp-json\/wp\/v2\/posts\/103575\/revisions"}],"predecessor-version":[{"id":103577,"href":"https:\/\/www.actualidadadiario.com\/index.php\/wp-json\/wp\/v2\/posts\/103575\/revisions\/103577"}],"wp:featuredmedia":[{"embeddable":true,"href":"https:\/\/www.actualidadadiario.com\/index.php\/wp-json\/wp\/v2\/media\/103576"}],"wp:attachment":[{"href":"https:\/\/www.actualidadadiario.com\/index.php\/wp-json\/wp\/v2\/media?parent=103575"}],"wp:term":[{"taxonomy":"category","embeddable":true,"href":"https:\/\/www.actualidadadiario.com\/index.php\/wp-json\/wp\/v2\/categories?post=103575"},{"taxonomy":"post_tag","embeddable":true,"href":"https:\/\/www.actualidadadiario.com\/index.php\/wp-json\/wp\/v2\/tags?post=103575"}],"curies":[{"name":"wp","href":"https:\/\/api.w.org\/{rel}","templated":true}]}}