{"id":103572,"date":"2023-06-23T14:34:16","date_gmt":"2023-06-23T17:34:16","guid":{"rendered":"https:\/\/www.actualidadadiario.com\/?p=103572"},"modified":"2023-06-23T14:34:16","modified_gmt":"2023-06-23T17:34:16","slug":"casaretto-suena-como-companero-de-scioli-y-pide-garantizar-la-unidad-de-union-por-la-patria","status":"publish","type":"post","link":"https:\/\/www.actualidadadiario.com\/index.php\/2023\/06\/23\/casaretto-suena-como-companero-de-scioli-y-pide-garantizar-la-unidad-de-union-por-la-patria\/","title":{"rendered":"Casaretto suena como compa\u00f1ero de Scioli y pide &#8220;garantizar la unidad de Uni\u00f3n por la Patria&#8221;"},"content":{"rendered":"<p style=\"text-align: center;\"><em><strong>El diputado insisti\u00f3 con las PASO y, aunque evit\u00f3 dar precisiones sobre el lugar que ocupar\u00e1 en la lista, aclar\u00f3 que, en caso de ganar, tender\u00e1 &#8220;una mano a los otros compa\u00f1eros&#8221; y, si pierde, acompa\u00f1ar\u00e1<\/strong><\/em><\/p>\n<p>&nbsp;<\/p>\n<p>&nbsp;<\/p>\n<p>El diputado del Frente de Todos Marcelo Casaretto es uno de los nombres que m\u00e1s suena para completar la f\u00f3rmula encabezada por el embajador en Brasil, Daniel Scioli que competir\u00e1 con el precandidato oficialista Eduardo &#8220;Wado&#8221; de Pedro en una interna de Uni\u00f3n por la Patria. Si bien no dio precisiones sobre el lugar que ocupar\u00e1 en la boleta, Casaretto pregon\u00f3 por la &#8220;unidad&#8221; de la coalici\u00f3n oficialista.<\/p>\n<p>&#8220;Lo importante es garantizar la unidad de Uni\u00f3n por la Patria&#8221;, enfatiz\u00f3 el diputado, y explic\u00f3: &#8220;En caso de que ganemos, hay que tender una mano a los compa\u00f1eros que integran otras f\u00f3rmulas y, de no ser as\u00ed, habr\u00e1 que acompa\u00f1arlos. De mi parte est\u00e1 garantizado y de parte de Scioli tambi\u00e9n&#8221;.<\/p>\n<p>En declaraciones a Splendid &#8211; 990, el legislador evit\u00f3 responder si ir\u00e1 como precandidato a vice por la lista Unidos Triunfaremos, pero\u00a0 destac\u00f3 haber sido mencionado por Daniel Scioli durante el acto de lanzamiento que tuvo lugar el jueves, en el Teatro ND Ateneo. &#8220;Todav\u00eda no hay nada definido, a m\u00ed me honran mencion\u00e1ndome para responsabilidades tan importantes. Soy diputado nacional, tengo 56 a\u00f1os, una larga preparaci\u00f3n y carrera pol\u00edtica&#8221;, indic\u00f3.<\/p>\n<p>A horas de la oficializaci\u00f3n de la candidatura de &#8220;Wado&#8221; de Pedro, Casaretto plante\u00f3 que el ex gobernador &#8220;no se baja de la PASO&#8221; y destac\u00f3 adem\u00e1s que competir\u00e1 junto a la ministra de Desarrollo Social, Victoria Tolosa Paz, y el ex senador Nito Artaza.<\/p>\n<p>Al respecto, admiti\u00f3 diferencias con La C\u00e1mpora aunque le rest\u00f3 importancia y remarc\u00f3 que el peronismo logr\u00f3 la convivencia de todos los sectores y actores de la pol\u00edtica. &#8220;Me ha tocado estar en la C\u00e1mara de Diputados con Sergio Massa, presidente de la c\u00e1mara, y M\u00e1ximo Kirchner, titular del bloque. Ahora, en la segunda etapa, con Cecilia Moreau y Germ\u00e1n Mart\u00ednez y hemos mantenido la unidad del bloque. Hemos convivido sectores m\u00e1s cercanos a Alberto (Fern\u00e1ndez), a Cristina (Kirchner), a Massa, a los gobernadores y a la CGT&#8221;, expuso.<\/p>\n<p>&#8220;No me asustan las discusiones, creo que son sanas.\u00a0 Est\u00e1 bien que haya PASO porque eso nutre la discusi\u00f3n, l\u00e9ase proyectos o personas&#8221;, sostuvo el diputado.<\/p>\n<p>Por \u00faltimo, discrep\u00f3 con la lectura hecha por la vicepresidenta Cristina Kirchner, quien plante\u00f3 una elecci\u00f3n de tercios y lo dio al libertario Javier Milei por debajo de las expectativas sociales. &#8220;Si vamos a una PASO generamos m\u00e1s atracciones y, tal vez, la sumatoria extienda ese piso y nos lleve a 30 o 35 en lugar de 25&#8221;, subray\u00f3.<\/p>\n<p>&#8220;No creo que haya una lectura del candidato individualmente m\u00e1s votado en las PASO, eso va a ser en octubre. Si vamos en lista \u00fanica genera poca atracci\u00f3n, si vamos con un par de candidatos vamos competitivos&#8221;, concluy\u00f3 Casaretto.<\/p>\n","protected":false},"excerpt":{"rendered":"<p>El diputado insisti\u00f3 con las PASO y, aunque evit\u00f3 dar precisiones sobre el lugar que ocupar\u00e1 en la lista, aclar\u00f3 que, en caso de ganar, tender\u00e1 &#8220;una mano a los otros compa\u00f1eros&#8221; y, si pierde, acompa\u00f1ar\u00e1 &nbsp; &nbsp; El diputado del Frente de Todos Marcelo Casaretto es uno de los nombres que m\u00e1s suena para completar la f\u00f3rmula encabezada por el embajador en Brasil, Daniel Scioli que competir\u00e1 con el precandidato oficialista Eduardo &#8220;Wado&#8221; de Pedro en una interna de Uni\u00f3n por la Patria. Si bien no dio precisiones sobre&#8230;<\/p>\n","protected":false},"author":3,"featured_media":103573,"comment_status":"closed","ping_status":"closed","sticky":false,"template":"","format":"standard","meta":[],"categories":[18],"tags":[],"_links":{"self":[{"href":"https:\/\/www.actualidadadiario.com\/index.php\/wp-json\/wp\/v2\/posts\/103572"}],"collection":[{"href":"https:\/\/www.actualidadadiario.com\/index.php\/wp-json\/wp\/v2\/posts"}],"about":[{"href":"https:\/\/www.actualidadadiario.com\/index.php\/wp-json\/wp\/v2\/types\/post"}],"author":[{"embeddable":true,"href":"https:\/\/www.actualidadadiario.com\/index.php\/wp-json\/wp\/v2\/users\/3"}],"replies":[{"embeddable":true,"href":"https:\/\/www.actualidadadiario.com\/index.php\/wp-json\/wp\/v2\/comments?post=103572"}],"version-history":[{"count":1,"href":"https:\/\/www.actualidadadiario.com\/index.php\/wp-json\/wp\/v2\/posts\/103572\/revisions"}],"predecessor-version":[{"id":103574,"href":"https:\/\/www.actualidadadiario.com\/index.php\/wp-json\/wp\/v2\/posts\/103572\/revisions\/103574"}],"wp:featuredmedia":[{"embeddable":true,"href":"https:\/\/www.actualidadadiario.com\/index.php\/wp-json\/wp\/v2\/media\/103573"}],"wp:attachment":[{"href":"https:\/\/www.actualidadadiario.com\/index.php\/wp-json\/wp\/v2\/media?parent=103572"}],"wp:term":[{"taxonomy":"category","embeddable":true,"href":"https:\/\/www.actualidadadiario.com\/index.php\/wp-json\/wp\/v2\/categories?post=103572"},{"taxonomy":"post_tag","embeddable":true,"href":"https:\/\/www.actualidadadiario.com\/index.php\/wp-json\/wp\/v2\/tags?post=103572"}],"curies":[{"name":"wp","href":"https:\/\/api.w.org\/{rel}","templated":true}]}}