{"id":103551,"date":"2023-06-23T14:26:22","date_gmt":"2023-06-23T17:26:22","guid":{"rendered":"https:\/\/www.actualidadadiario.com\/?p=103551"},"modified":"2023-06-23T14:26:22","modified_gmt":"2023-06-23T17:26:22","slug":"se-espera-una-temporada-invernal-record-gracias-a-la-llegada-masiva-de-turistas-extranjeros","status":"publish","type":"post","link":"https:\/\/www.actualidadadiario.com\/index.php\/2023\/06\/23\/se-espera-una-temporada-invernal-record-gracias-a-la-llegada-masiva-de-turistas-extranjeros\/","title":{"rendered":"Se espera una temporada invernal r\u00e9cord gracias a la llegada masiva de turistas extranjeros"},"content":{"rendered":"<p style=\"text-align: center;\"><em><strong>En los tres meses \u201cfr\u00edos\u201d del a\u00f1o arribar\u00edan al pa\u00eds un mill\u00f3n y medio de viajeros internacionales<\/strong><\/em><\/p>\n<p>&nbsp;<\/p>\n<p>&nbsp;<\/p>\n<p>Luego de lo que fue el exitoso fin de semana largo de junio, la Argentina entr\u00f3 oficialmente en su per\u00edodo invernal que arranc\u00f3 el mi\u00e9rcoles 21, cuando se vivi\u00f3 el d\u00eda m\u00e1s corto del a\u00f1o, y las autoridades nacionales esperan que esta temporada de Invierno se convierta en un r\u00e9cord gracias a la llegada masiva de turistas extranjeros al pa\u00eds.<\/p>\n<p>Seg\u00fan datos recabados por el Ministerio de Deportes y Turismo de la Naci\u00f3n, en conjunto con el sector privado, se espera que en los tres meses que dura el invierno se movilicen por los distintos puntos tur\u00edsticos del pa\u00eds entre cinco y cinco millones y medio de turistas, que inyectar\u00edan alrededor de unos 350 mil millones de pesos en las econom\u00edas regionales.<\/p>\n<p>Con respecto a los turistas extranjeros, se estima que llegar\u00e1n entre 1.250.000 y 1.500.000, con gastos en nuestro pa\u00eds que ascender\u00edan a los mil millones de d\u00f3lares, por lo que le dar\u00e1n un fuerte impulso a esta temporada invernal.<\/p>\n<p>La llegada masiva de turistas extranjeros a nuestro pa\u00eds se debe en parte al tipo de cambio que los favorece. De hecho, en los \u00faltimos tiempos muchos uruguayos han ingresado a la Argentina para hacer turismo y ya se est\u00e1 hablando de la ruta tur\u00edstica \u201cMontevideo-Bariloche\u201d, que se volvi\u00f3 muy popular.<\/p>\n<p>Esta llegada de turistas internacionales estar\u00e1 potenciada por lo que se conoce como el producto \u201cnieve\u201d y a partir de los vuelos directos que sum\u00f3 Aerol\u00edneas Argentinas en el \u00faltimo tiempo entre San Pablo y Bariloche, Chapelco, Mendoza, El Calafate, Ushuaia y Salta.<\/p>\n<p>\u201cTodas las proyecciones dan cuenta de una nueva temporada de invierno r\u00e9cord como la que tuvimos en 2022, muy impulsada por la llegada de turistas de pa\u00edses de la regi\u00f3n y de Estados Unidos\u201d, explic\u00f3 el Ministro de Deportes y Turismo Mat\u00edas Lammens.<\/p>\n","protected":false},"excerpt":{"rendered":"<p>En los tres meses \u201cfr\u00edos\u201d del a\u00f1o arribar\u00edan al pa\u00eds un mill\u00f3n y medio de viajeros internacionales &nbsp; &nbsp; Luego de lo que fue el exitoso fin de semana largo de junio, la Argentina entr\u00f3 oficialmente en su per\u00edodo invernal que arranc\u00f3 el mi\u00e9rcoles 21, cuando se vivi\u00f3 el d\u00eda m\u00e1s corto del a\u00f1o, y las autoridades nacionales esperan que esta temporada de Invierno se convierta en un r\u00e9cord gracias a la llegada masiva de turistas extranjeros al pa\u00eds. Seg\u00fan datos recabados por el Ministerio de Deportes y Turismo de&#8230;<\/p>\n","protected":false},"author":3,"featured_media":86493,"comment_status":"closed","ping_status":"closed","sticky":false,"template":"","format":"standard","meta":[],"categories":[2],"tags":[],"_links":{"self":[{"href":"https:\/\/www.actualidadadiario.com\/index.php\/wp-json\/wp\/v2\/posts\/103551"}],"collection":[{"href":"https:\/\/www.actualidadadiario.com\/index.php\/wp-json\/wp\/v2\/posts"}],"about":[{"href":"https:\/\/www.actualidadadiario.com\/index.php\/wp-json\/wp\/v2\/types\/post"}],"author":[{"embeddable":true,"href":"https:\/\/www.actualidadadiario.com\/index.php\/wp-json\/wp\/v2\/users\/3"}],"replies":[{"embeddable":true,"href":"https:\/\/www.actualidadadiario.com\/index.php\/wp-json\/wp\/v2\/comments?post=103551"}],"version-history":[{"count":1,"href":"https:\/\/www.actualidadadiario.com\/index.php\/wp-json\/wp\/v2\/posts\/103551\/revisions"}],"predecessor-version":[{"id":103552,"href":"https:\/\/www.actualidadadiario.com\/index.php\/wp-json\/wp\/v2\/posts\/103551\/revisions\/103552"}],"wp:featuredmedia":[{"embeddable":true,"href":"https:\/\/www.actualidadadiario.com\/index.php\/wp-json\/wp\/v2\/media\/86493"}],"wp:attachment":[{"href":"https:\/\/www.actualidadadiario.com\/index.php\/wp-json\/wp\/v2\/media?parent=103551"}],"wp:term":[{"taxonomy":"category","embeddable":true,"href":"https:\/\/www.actualidadadiario.com\/index.php\/wp-json\/wp\/v2\/categories?post=103551"},{"taxonomy":"post_tag","embeddable":true,"href":"https:\/\/www.actualidadadiario.com\/index.php\/wp-json\/wp\/v2\/tags?post=103551"}],"curies":[{"name":"wp","href":"https:\/\/api.w.org\/{rel}","templated":true}]}}