{"id":103538,"date":"2023-06-22T13:29:01","date_gmt":"2023-06-22T16:29:01","guid":{"rendered":"https:\/\/www.actualidadadiario.com\/?p=103538"},"modified":"2023-06-22T13:29:01","modified_gmt":"2023-06-22T16:29:01","slug":"paso-2023-a-quien-beneficia-el-voto-en-blanco","status":"publish","type":"post","link":"https:\/\/www.actualidadadiario.com\/index.php\/2023\/06\/22\/paso-2023-a-quien-beneficia-el-voto-en-blanco\/","title":{"rendered":"Paso 2023: a qui\u00e9n beneficia el voto en blanco"},"content":{"rendered":"<p style=\"text-align: center;\"><em><strong>C\u00f3mo se contabilizan los votos en blanco y cu\u00e1l es la diferencia con el voto nulo, impugnado y recurrido<\/strong><\/em><\/p>\n<p>&nbsp;<\/p>\n<p>&nbsp;<\/p>\n<p>&nbsp;<\/p>\n<p>A pesar de que votar es obligatorio en Argentina, no todas las emisiones son v\u00e1lidas. A qui\u00e9n beneficia el voto en blanco en las elecciones 2023, seg\u00fan la C\u00e1mara Nacional Electoral.<\/p>\n<p>Los comicios para elegir presidente tendr\u00e1n su primera instancia en las PASO del 13 de agosto, cuando se elijan los candidatos definitivos que competir\u00e1n en octubre y dar\u00e1 como ganador al espacio pol\u00edtico que asuma el 10 de diciembre, d\u00eda en el que se cumplir\u00e1n 40 a\u00f1os de democracia ininterrumpida.<\/p>\n<p>&nbsp;<\/p>\n<p><strong>A qui\u00e9n beneficia el voto en blanco<\/strong><\/p>\n<p>Seg\u00fan la C\u00e1mara Nacional Electoral, existen dos tipos de voto v\u00e1lido: el afirmativo y el blanco. El primero corresponde a la elecci\u00f3n de alguna de las opciones electorales disponibles. Mientras que el voto en blanco es cuando en el sobre no se pone ninguna boleta o alg\u00fan otro papel sin ning\u00fan tipo de imagen o inscripci\u00f3n.<\/p>\n<p>El organismo nacional determina que el voto en blanco es &#8220;una herramienta con la que cuentan los electores para manifestar su disconformidad con todos los candidatos y con las propuestas formuladas por los partidos pol\u00edticos&#8221;.<\/p>\n<p>Seg\u00fan la Constituci\u00f3n vigente de 1994, solo en las PASO los votos en blanco se incluyen dentro del total de sufragios de los distintos espacios pol\u00edticos. Mientras que en las elecciones generales es distinto.<\/p>\n<p>Las elecciones generales se realizar\u00e1n pocos d\u00edas despu\u00e9s del debate presidencial. All\u00ed, los votos en blanco se transfieren al candidato que menos puntos tenga. Caso contrario, si hay un candidato que obtiene el porcentaje necesario para ganar en primera vuelta los votos en blanco no se cuentan.<\/p>\n<p>Un candidato debe obtener m\u00e1s del 45% de los votos positivos emitidos para ganar en primera vuelta o, en todo caso, m\u00e1s del 40% con una diferencia mayor a los 10 puntos en relaci\u00f3n con la segunda fuerza.<\/p>\n<p>&nbsp;<\/p>\n<p><strong>Voto impugnado, nulo y recurrido<\/strong><\/p>\n<p>Los votos impugnados, nulos y recurridos est\u00e1n por fuera de los &#8220;v\u00e1lidos&#8221;. Se considera como voto nulo cuando se usan boletas falsas o varias de distintas agrupaciones pol\u00edticas. Tambi\u00e9n cuando se introduce dentro del sobre objetos que no tienen nada que ver con los comicios, como dibujos.<\/p>\n<p>Los votos impugnados son todos aquellos que las autoridades de mesa consideran que el votante no es due\u00f1o del DNI que present\u00f3. En este caso, es la Justicia Electoral quien deber\u00e1 determinar la validez del voto.<\/p>\n<p>Mientras que se considera como votos recurridos a los que son cuestionados por alguno de los fiscales partidarios, en cuanto validez o nulidad. Si la Justicia Electoral considera que son v\u00e1lidos, se los incorpora al partido que corresponda.<\/p>\n","protected":false},"excerpt":{"rendered":"<p>C\u00f3mo se contabilizan los votos en blanco y cu\u00e1l es la diferencia con el voto nulo, impugnado y recurrido &nbsp; &nbsp; &nbsp; A pesar de que votar es obligatorio en Argentina, no todas las emisiones son v\u00e1lidas. A qui\u00e9n beneficia el voto en blanco en las elecciones 2023, seg\u00fan la C\u00e1mara Nacional Electoral. Los comicios para elegir presidente tendr\u00e1n su primera instancia en las PASO del 13 de agosto, cuando se elijan los candidatos definitivos que competir\u00e1n en octubre y dar\u00e1 como ganador al espacio pol\u00edtico que asuma el 10&#8230;<\/p>\n","protected":false},"author":3,"featured_media":103539,"comment_status":"closed","ping_status":"closed","sticky":false,"template":"","format":"standard","meta":[],"categories":[18],"tags":[],"_links":{"self":[{"href":"https:\/\/www.actualidadadiario.com\/index.php\/wp-json\/wp\/v2\/posts\/103538"}],"collection":[{"href":"https:\/\/www.actualidadadiario.com\/index.php\/wp-json\/wp\/v2\/posts"}],"about":[{"href":"https:\/\/www.actualidadadiario.com\/index.php\/wp-json\/wp\/v2\/types\/post"}],"author":[{"embeddable":true,"href":"https:\/\/www.actualidadadiario.com\/index.php\/wp-json\/wp\/v2\/users\/3"}],"replies":[{"embeddable":true,"href":"https:\/\/www.actualidadadiario.com\/index.php\/wp-json\/wp\/v2\/comments?post=103538"}],"version-history":[{"count":1,"href":"https:\/\/www.actualidadadiario.com\/index.php\/wp-json\/wp\/v2\/posts\/103538\/revisions"}],"predecessor-version":[{"id":103540,"href":"https:\/\/www.actualidadadiario.com\/index.php\/wp-json\/wp\/v2\/posts\/103538\/revisions\/103540"}],"wp:featuredmedia":[{"embeddable":true,"href":"https:\/\/www.actualidadadiario.com\/index.php\/wp-json\/wp\/v2\/media\/103539"}],"wp:attachment":[{"href":"https:\/\/www.actualidadadiario.com\/index.php\/wp-json\/wp\/v2\/media?parent=103538"}],"wp:term":[{"taxonomy":"category","embeddable":true,"href":"https:\/\/www.actualidadadiario.com\/index.php\/wp-json\/wp\/v2\/categories?post=103538"},{"taxonomy":"post_tag","embeddable":true,"href":"https:\/\/www.actualidadadiario.com\/index.php\/wp-json\/wp\/v2\/tags?post=103538"}],"curies":[{"name":"wp","href":"https:\/\/api.w.org\/{rel}","templated":true}]}}