{"id":103532,"date":"2023-06-22T13:15:50","date_gmt":"2023-06-22T16:15:50","guid":{"rendered":"https:\/\/www.actualidadadiario.com\/?p=103532"},"modified":"2023-06-22T13:15:50","modified_gmt":"2023-06-22T16:15:50","slug":"por-la-sequia-el-canal-de-panama-implementara-nuevos-ajustes","status":"publish","type":"post","link":"https:\/\/www.actualidadadiario.com\/index.php\/2023\/06\/22\/por-la-sequia-el-canal-de-panama-implementara-nuevos-ajustes\/","title":{"rendered":"Por la sequ\u00eda: el canal de Panam\u00e1 implementar\u00e1 nuevos ajustes"},"content":{"rendered":"<p style=\"text-align: center;\"><em><strong>La situaci\u00f3n generada por la falta de lluvias \u00abes preocupante\u00bb porque es la primera vez la cuenca canalera enfrenta una mayor presi\u00f3n<\/strong><\/em><\/p>\n<p>&nbsp;<\/p>\n<p>&nbsp;<\/p>\n<p>El canal de Panam\u00e1, una de las rutas mar\u00edtimas m\u00e1s importantes del mundo, impondr\u00e1 a partir del domingo nuevos ajustes de calado a los barcos m\u00e1s grandes que lo transiten, a ra\u00edz de una sequ\u00eda que afecta el suministro de agua que abastece al canal, inform\u00f3 su administrador, Ricaurte V\u00e1squez.<\/p>\n<p>La medida, que es transitoria, estipula que a partir del domingo los buques Neopanamax \u2014los m\u00e1s grandes que atraviesan la v\u00eda\u2014 deber\u00e1n navegar con un calado m\u00e1ximo de 13,26 metros, seg\u00fan el aviso enviado a los clientes por el canal visto por Reuters.<\/p>\n<p>Actualmente, el calado obligatorio de los barcos Neopanamax est\u00e1 en 13,41 metros, pero ha venido reduci\u00e9ndose desde principios del a\u00f1o. \u00abHay una restricci\u00f3n de calado que entra (en vigor) el 25 (de junio), y hay otra que viene inmediatamente despu\u00e9s dependiendo del nivel de las precipitaciones\u00bb, explic\u00f3 V\u00e1squez.<\/p>\n<p>Desde el 9 de julio el nivel podr\u00eda bajar a 11,89 metros para los barcos Panamax, dise\u00f1ados para ajustarse a las dimensiones m\u00e1ximas de las antiguas esclusas del canal de Panam\u00e1. Diez d\u00edas despu\u00e9s, el m\u00e1ximo autorizado volver\u00eda a descender para ambas clases, inform\u00f3 Reuters.<\/p>\n<p>El administrador explic\u00f3 que la situaci\u00f3n generada por la falta de lluvias \u00abes preocupante\u00bb porque a diferencia de otras sequ\u00edas, por primera vez la cuenca canalera enfrenta una mayor presi\u00f3n, ya que no solo debe proveer agua para el tr\u00e1nsito de buques m\u00e1s grandes, sino tambi\u00e9n aument\u00f3 la demanda de agua potable para una mayor cantidad de poblaci\u00f3n.<\/p>\n<p>V\u00e1squez asegur\u00f3 que el flujo de barcos se ha mantenido seg\u00fan lo previsto para la temporada, pero estim\u00f3 que podr\u00eda haber un \u00abimpacto\u00bb de agravarse la llegada de las lluvias, adem\u00e1s del encarecimiento del costo de la ruta por las nuevas medidas. Con severas sequ\u00edas, el Fen\u00f3meno del Ni\u00f1o est\u00e1 causando estragos en la costa del Pac\u00edfico centroamericano.<\/p>\n","protected":false},"excerpt":{"rendered":"<p>La situaci\u00f3n generada por la falta de lluvias \u00abes preocupante\u00bb porque es la primera vez la cuenca canalera enfrenta una mayor presi\u00f3n &nbsp; &nbsp; El canal de Panam\u00e1, una de las rutas mar\u00edtimas m\u00e1s importantes del mundo, impondr\u00e1 a partir del domingo nuevos ajustes de calado a los barcos m\u00e1s grandes que lo transiten, a ra\u00edz de una sequ\u00eda que afecta el suministro de agua que abastece al canal, inform\u00f3 su administrador, Ricaurte V\u00e1squez. La medida, que es transitoria, estipula que a partir del domingo los buques Neopanamax \u2014los m\u00e1s&#8230;<\/p>\n","protected":false},"author":3,"featured_media":103533,"comment_status":"closed","ping_status":"closed","sticky":false,"template":"","format":"standard","meta":[],"categories":[4],"tags":[],"_links":{"self":[{"href":"https:\/\/www.actualidadadiario.com\/index.php\/wp-json\/wp\/v2\/posts\/103532"}],"collection":[{"href":"https:\/\/www.actualidadadiario.com\/index.php\/wp-json\/wp\/v2\/posts"}],"about":[{"href":"https:\/\/www.actualidadadiario.com\/index.php\/wp-json\/wp\/v2\/types\/post"}],"author":[{"embeddable":true,"href":"https:\/\/www.actualidadadiario.com\/index.php\/wp-json\/wp\/v2\/users\/3"}],"replies":[{"embeddable":true,"href":"https:\/\/www.actualidadadiario.com\/index.php\/wp-json\/wp\/v2\/comments?post=103532"}],"version-history":[{"count":1,"href":"https:\/\/www.actualidadadiario.com\/index.php\/wp-json\/wp\/v2\/posts\/103532\/revisions"}],"predecessor-version":[{"id":103534,"href":"https:\/\/www.actualidadadiario.com\/index.php\/wp-json\/wp\/v2\/posts\/103532\/revisions\/103534"}],"wp:featuredmedia":[{"embeddable":true,"href":"https:\/\/www.actualidadadiario.com\/index.php\/wp-json\/wp\/v2\/media\/103533"}],"wp:attachment":[{"href":"https:\/\/www.actualidadadiario.com\/index.php\/wp-json\/wp\/v2\/media?parent=103532"}],"wp:term":[{"taxonomy":"category","embeddable":true,"href":"https:\/\/www.actualidadadiario.com\/index.php\/wp-json\/wp\/v2\/categories?post=103532"},{"taxonomy":"post_tag","embeddable":true,"href":"https:\/\/www.actualidadadiario.com\/index.php\/wp-json\/wp\/v2\/tags?post=103532"}],"curies":[{"name":"wp","href":"https:\/\/api.w.org\/{rel}","templated":true}]}}