{"id":103526,"date":"2023-06-22T13:14:16","date_gmt":"2023-06-22T16:14:16","guid":{"rendered":"https:\/\/www.actualidadadiario.com\/?p=103526"},"modified":"2023-06-22T13:14:16","modified_gmt":"2023-06-22T16:14:16","slug":"sequia-en-uruguay-los-pronosticos-no-dan-buenas-noticias-y-preven-que-se-agrave-la-situacion","status":"publish","type":"post","link":"https:\/\/www.actualidadadiario.com\/index.php\/2023\/06\/22\/sequia-en-uruguay-los-pronosticos-no-dan-buenas-noticias-y-preven-que-se-agrave-la-situacion\/","title":{"rendered":"Sequ\u00eda en Uruguay: los pron\u00f3sticos no dan buenas noticias y prev\u00e9n que se agrave la situaci\u00f3n"},"content":{"rendered":"<p style=\"text-align: center;\"><em><strong>El presidente Luis Lacalle Pou, anunci\u00f3 la declaraci\u00f3n de la &#8220;emergencia h\u00eddrica&#8221; para Montevideo y el \u00e1rea metropolitana<\/strong><\/em><\/p>\n<p>&nbsp;<\/p>\n<p>&nbsp;<\/p>\n<p>El Instituto Uruguayo de Meteorolog\u00eda (Inumet) emiti\u00f3 este jueves un pron\u00f3stico para lo que resta de junio y el inicio de julio que no prev\u00e9 lluvias significativas en las zonas m\u00e1s afectadas, en medio de la peor sequ\u00eda del pa\u00eds.<\/p>\n<p>&#8220;Si bien se esperan algunas lluvias y lloviznas escasas, no se prev\u00e9n eventos de acumulados significativos durante el resto de junio y los primeros d\u00edas de julio&#8221;, se\u00f1al\u00f3 el informe divulgado por el Inumet.<\/p>\n<p>En la cuenca del R\u00edo de la Plata se esperan precipitaciones menores a cinco mil\u00edmetros en el oeste y entre cinco y 10 mil\u00edmetros en el este, mientras en la cuenca del r\u00edo Santa Luc\u00eda se aguardan precipitaciones menores a cinco mil\u00edmetros.<\/p>\n<p>Hasta el 4 de julio no se prev\u00e9 hasta el momento &#8220;un nuevo evento de precipitaciones significativo&#8221;, seg\u00fan la oficina meteorol\u00f3gica.<\/p>\n<p>En este escenario &#8220;aumenta el d\u00e9ficit h\u00eddrico en esas zonas&#8221;, complement\u00f3 en sus redes sociales el director de Meteorolog\u00eda y Clima para la Sociedad del Inumet, N\u00e9stor Santayana. El presidente de Uruguay,<\/p>\n<p>&nbsp;<\/p>\n<p><strong>La emergencia h\u00eddrica<\/strong><\/p>\n<p>El presidente de Uruguay, Luis Lacalle Pou, anunci\u00f3 el lunes la declaraci\u00f3n de la &#8220;emergencia h\u00eddrica&#8221; para Montevideo y el \u00e1rea metropolitana y la exoneraci\u00f3n de impuestos al agua embotellada ante la hist\u00f3rica falta de lluvias y de reservas de agua dulce.<\/p>\n<p>La sequ\u00eda que afronta Uruguay desde hace tres a\u00f1os &#8220;no tiene precedentes&#8221; y &#8220;es la peor desde que existen registros en el pa\u00eds sudamericano, principios del siglo XX&#8221;, inform\u00f3 en mayo el Inumet.<\/p>\n","protected":false},"excerpt":{"rendered":"<p>El presidente Luis Lacalle Pou, anunci\u00f3 la declaraci\u00f3n de la &#8220;emergencia h\u00eddrica&#8221; para Montevideo y el \u00e1rea metropolitana &nbsp; &nbsp; El Instituto Uruguayo de Meteorolog\u00eda (Inumet) emiti\u00f3 este jueves un pron\u00f3stico para lo que resta de junio y el inicio de julio que no prev\u00e9 lluvias significativas en las zonas m\u00e1s afectadas, en medio de la peor sequ\u00eda del pa\u00eds. &#8220;Si bien se esperan algunas lluvias y lloviznas escasas, no se prev\u00e9n eventos de acumulados significativos durante el resto de junio y los primeros d\u00edas de julio&#8221;, se\u00f1al\u00f3 el informe&#8230;<\/p>\n","protected":false},"author":3,"featured_media":103527,"comment_status":"closed","ping_status":"closed","sticky":false,"template":"","format":"standard","meta":[],"categories":[4],"tags":[],"_links":{"self":[{"href":"https:\/\/www.actualidadadiario.com\/index.php\/wp-json\/wp\/v2\/posts\/103526"}],"collection":[{"href":"https:\/\/www.actualidadadiario.com\/index.php\/wp-json\/wp\/v2\/posts"}],"about":[{"href":"https:\/\/www.actualidadadiario.com\/index.php\/wp-json\/wp\/v2\/types\/post"}],"author":[{"embeddable":true,"href":"https:\/\/www.actualidadadiario.com\/index.php\/wp-json\/wp\/v2\/users\/3"}],"replies":[{"embeddable":true,"href":"https:\/\/www.actualidadadiario.com\/index.php\/wp-json\/wp\/v2\/comments?post=103526"}],"version-history":[{"count":1,"href":"https:\/\/www.actualidadadiario.com\/index.php\/wp-json\/wp\/v2\/posts\/103526\/revisions"}],"predecessor-version":[{"id":103528,"href":"https:\/\/www.actualidadadiario.com\/index.php\/wp-json\/wp\/v2\/posts\/103526\/revisions\/103528"}],"wp:featuredmedia":[{"embeddable":true,"href":"https:\/\/www.actualidadadiario.com\/index.php\/wp-json\/wp\/v2\/media\/103527"}],"wp:attachment":[{"href":"https:\/\/www.actualidadadiario.com\/index.php\/wp-json\/wp\/v2\/media?parent=103526"}],"wp:term":[{"taxonomy":"category","embeddable":true,"href":"https:\/\/www.actualidadadiario.com\/index.php\/wp-json\/wp\/v2\/categories?post=103526"},{"taxonomy":"post_tag","embeddable":true,"href":"https:\/\/www.actualidadadiario.com\/index.php\/wp-json\/wp\/v2\/tags?post=103526"}],"curies":[{"name":"wp","href":"https:\/\/api.w.org\/{rel}","templated":true}]}}