{"id":103520,"date":"2023-06-22T13:12:20","date_gmt":"2023-06-22T16:12:20","guid":{"rendered":"https:\/\/www.actualidadadiario.com\/?p=103520"},"modified":"2023-06-22T13:12:20","modified_gmt":"2023-06-22T16:12:20","slug":"larreta-oficializaria-a-morales-como-candidato-a-vice-con-la-represion-en-jujuy-de-fondo","status":"publish","type":"post","link":"https:\/\/www.actualidadadiario.com\/index.php\/2023\/06\/22\/larreta-oficializaria-a-morales-como-candidato-a-vice-con-la-represion-en-jujuy-de-fondo\/","title":{"rendered":"Larreta oficializar\u00eda a Morales como candidato a vice con la represi\u00f3n en Jujuy de fondo"},"content":{"rendered":"<p style=\"text-align: center;\"><em><strong>La elecci\u00f3n de Larreta no s\u00f3lo confirmar\u00eda el acuerdo plasmado con el sector que se presenta como aperturista de JxC, sino que ser\u00e1 oficializado mientras Morales se enfrenta al kirchnerismo, luego de la represi\u00f3n que orden\u00f3 mientras manifestantes protestaban contra la reforma parcial de la Constituci\u00f3n provincial<\/strong><\/em><\/p>\n<p>&nbsp;<\/p>\n<p>&nbsp;<\/p>\n<p>El precandidato presidencial Horacio Rodr\u00edguez Larreta anunciar\u00eda este jueves que el gobernador de Jujuy, Gerardo Morales, ser\u00eda su compa\u00f1ero de f\u00f3rmula. La decisi\u00f3n se conocer\u00eda de forma oficial despu\u00e9s de que el jefe de Gobierno porte\u00f1o comunicara que el auditor Miguel \u00c1ngel Pichetto y la diputada Silvia Lospennato son las dos primeras figuras anotadas en la n\u00f3mina con la que competir\u00e1 en territorio bonaerense.<\/p>\n<p>La elecci\u00f3n de Larreta no s\u00f3lo confirmar\u00eda el acuerdo plasmado con el sector que se presenta como aperturista de Juntos por el Cambio (JxC), el mismo que pidi\u00f3 -sin \u00e9xito- incorporar al gobernador cordob\u00e9s Juan Schiaretti, sino que ser\u00e1 oficializado mientras Morales se enfrenta al kirchnerismo, luego de la represi\u00f3n que orden\u00f3 mientras manifestantes protestaban contra la reforma parcial de la Constituci\u00f3n provincial, que cont\u00f3 con 11 de los 13 votos del peronismo, y fue aprobada el martes feriado.<\/p>\n<p>Desde la Ciudad remarcaron que la prioridad por estas horas ser\u00e1 confirmar la dupla de Pichetto y Lospennato en la lista de la provincia de Buenos Aires, para luego desplegar la artiller\u00eda medi\u00e1tica para comunicar la incorporaci\u00f3n del juje\u00f1o a la boleta. La noticia de la confirmaci\u00f3n de Morales se conocer\u00e1 un d\u00eda despu\u00e9s de que la rival de Larreta en la interna, la titular en uso de licencia del PRO, Patricia Bullrich, nombr\u00f3 al exdiputado Luis Petri como su compa\u00f1ero de f\u00f3rmula. Frente a un binomio 100% halc\u00f3n, el sector definido como &#8220;paloma&#8221; se une para la interna.<\/p>\n<p>&nbsp;<\/p>\n<p><strong>Larreta define vice\u00a0 <\/strong><\/p>\n<p>El encuentro de esta ma\u00f1ana dej\u00f3 varias definiciones respecto a la figura que estar\u00e1 en la boleta junto al precandidato presidencial. &#8220;Ser\u00e1 alguien que comparta esta vocaci\u00f3n por el cambio y la acci\u00f3n y no quedarnos en la discusi\u00f3n eterna de la pol\u00edtica&#8221;, remarc\u00f3 el referente del PRO que disputar\u00e1 la primaria con Patricia Bullrich. Seg\u00fan Larreta, su vice tendr\u00e1 un perfil &#8220;de diversidad&#8221; pero que tendr\u00e1 &#8220;consenso y varios puntos de encuentro en lo central&#8221;. Seg\u00fan el precandidato presidencial &#8220;valoro la diversidad geogr\u00e1fica, de g\u00e9nero y partidaria&#8221;, al mismo tiempo que &#8220;valoro la trayectoria&#8221;, revel\u00f3.<\/p>\n<p>&nbsp;<\/p>\n<p><strong>Morales\u00a0 <\/strong><\/p>\n<p>No obstante, el mandatario juje\u00f1o est\u00e1 mostrando en las \u00faltimas horas un perfil m\u00e1s duro, al estar en el centro de la escena a ra\u00edz de las im\u00e1genes de violencia vivida en su Jujuy, que deriv\u00f3 en un cruce de acusaciones con Alberto Fern\u00e1ndez y Cristina Fern\u00e1ndez de Kirchner, que continu\u00f3 este mi\u00e9rcoles. &#8220;Presidente, ese no es el camino. A usted y a la vicepresidenta les digo, no sigan el camino de incentivar con dirigentes, enviando plata, referentes de la C\u00e1mpora, del kirchnerismo, sumados a movimientos piqueteros, a la izquierda, a incentivar la violencia en la provincia. Es una buena noticia que elija el camino de la Justicia si tiene alg\u00fan reproche\u201d, denunci\u00f3 el gobernador.<\/p>\n<p>Fern\u00e1ndez le pidi\u00f3 a Morales que la provincia norte\u00f1a \u201cno sea un banco de prueba de represi\u00f3n y saqueo que determinados sectores pol\u00edticos pretenden llevar adelante&#8221;. Cristina Kirchner, en tanto, difundi\u00f3 la carta del Alto Comisionado de las Naciones Unidas para los Derechos Humanos que pide una reuni\u00f3n para analizar los cambios a la Constituci\u00f3n provincial.<\/p>\n","protected":false},"excerpt":{"rendered":"<p>La elecci\u00f3n de Larreta no s\u00f3lo confirmar\u00eda el acuerdo plasmado con el sector que se presenta como aperturista de JxC, sino que ser\u00e1 oficializado mientras Morales se enfrenta al kirchnerismo, luego de la represi\u00f3n que orden\u00f3 mientras manifestantes protestaban contra la reforma parcial de la Constituci\u00f3n provincial &nbsp; &nbsp; El precandidato presidencial Horacio Rodr\u00edguez Larreta anunciar\u00eda este jueves que el gobernador de Jujuy, Gerardo Morales, ser\u00eda su compa\u00f1ero de f\u00f3rmula. La decisi\u00f3n se conocer\u00eda de forma oficial despu\u00e9s de que el jefe de Gobierno porte\u00f1o comunicara que el auditor Miguel&#8230;<\/p>\n","protected":false},"author":3,"featured_media":103521,"comment_status":"closed","ping_status":"closed","sticky":false,"template":"","format":"standard","meta":[],"categories":[18],"tags":[],"_links":{"self":[{"href":"https:\/\/www.actualidadadiario.com\/index.php\/wp-json\/wp\/v2\/posts\/103520"}],"collection":[{"href":"https:\/\/www.actualidadadiario.com\/index.php\/wp-json\/wp\/v2\/posts"}],"about":[{"href":"https:\/\/www.actualidadadiario.com\/index.php\/wp-json\/wp\/v2\/types\/post"}],"author":[{"embeddable":true,"href":"https:\/\/www.actualidadadiario.com\/index.php\/wp-json\/wp\/v2\/users\/3"}],"replies":[{"embeddable":true,"href":"https:\/\/www.actualidadadiario.com\/index.php\/wp-json\/wp\/v2\/comments?post=103520"}],"version-history":[{"count":1,"href":"https:\/\/www.actualidadadiario.com\/index.php\/wp-json\/wp\/v2\/posts\/103520\/revisions"}],"predecessor-version":[{"id":103522,"href":"https:\/\/www.actualidadadiario.com\/index.php\/wp-json\/wp\/v2\/posts\/103520\/revisions\/103522"}],"wp:featuredmedia":[{"embeddable":true,"href":"https:\/\/www.actualidadadiario.com\/index.php\/wp-json\/wp\/v2\/media\/103521"}],"wp:attachment":[{"href":"https:\/\/www.actualidadadiario.com\/index.php\/wp-json\/wp\/v2\/media?parent=103520"}],"wp:term":[{"taxonomy":"category","embeddable":true,"href":"https:\/\/www.actualidadadiario.com\/index.php\/wp-json\/wp\/v2\/categories?post=103520"},{"taxonomy":"post_tag","embeddable":true,"href":"https:\/\/www.actualidadadiario.com\/index.php\/wp-json\/wp\/v2\/tags?post=103520"}],"curies":[{"name":"wp","href":"https:\/\/api.w.org\/{rel}","templated":true}]}}