{"id":103517,"date":"2023-06-22T13:11:26","date_gmt":"2023-06-22T16:11:26","guid":{"rendered":"https:\/\/www.actualidadadiario.com\/?p=103517"},"modified":"2023-06-22T13:11:26","modified_gmt":"2023-06-22T16:11:26","slug":"quien-es-luis-petri-el-ungido-por-patricia-bullrich-como-companero-de-formula","status":"publish","type":"post","link":"https:\/\/www.actualidadadiario.com\/index.php\/2023\/06\/22\/quien-es-luis-petri-el-ungido-por-patricia-bullrich-como-companero-de-formula\/","title":{"rendered":"Qui\u00e9n es Luis Petri, el ungido por Patricia Bullrich como compa\u00f1ero de f\u00f3rmula"},"content":{"rendered":"<p style=\"text-align: center;\"><em><strong>Radical, mendocino y especialista en Seguridad, Petri fue dos veces diputado nacional y est\u00e1 enrolado en el radicalismo &#8220;halc\u00f3n&#8221; no alineado a la conducci\u00f3n de Gerardo Morales en la UCR. Tuvo una gran elecci\u00f3n en las PASO mendocinas<\/strong><\/em><\/p>\n<p>&nbsp;<\/p>\n<p>&nbsp;<\/p>\n<p>Radical y mendocino, Luis Petri fue la gran sorpresa de las PASO mendocinas del 11 de junio pasado cuando logr\u00f3 competirle de igual a igual a Alfredo Cornejo en la interna del frente Cambia Mendoza, cosechando uno de cada cuatro votos de la coalici\u00f3n. Este mi\u00e9rcoles su nombre volvi\u00f3 a estar en boca de todos al ser ungido por Patricia Bullrich como su compa\u00f1ero de f\u00f3rmula presidencial.<\/p>\n<p>Con 46 a\u00f1os, este abogado especialista en temas de seguridad fue diputado nacional durante dos mandatos consecutivos entre 2013 y 2021. Lleg\u00f3 a presidir la comisi\u00f3n de Seguridad Interior y entre 2017 y 2019 fue vicepresidente segundo de la C\u00e1mara baja.<\/p>\n<p>En 2021, Petri qued\u00f3 afuera de las listas de Juntos por el Cambio en Mendoza y pas\u00f3 al llano, pero sigui\u00f3 militando y tuvo recompensa este a\u00f1o con su gran performance en las PASO de Cambia Mendoza.<\/p>\n<p>Antes de desembarcar en el Congreso nacional, fue diputado provincial de Mendoza entre 2005 y 2013. Y en su curr\u00edculum tambi\u00e9n figura como antecedente destacado su trabajo como consejero de la Magistratura provincial entre 2006 y 2007.<\/p>\n<p>Dentro del radicalismo siempre estuvo asociado al ala m\u00e1s cercana al macrismo, raz\u00f3n que inevitablemente pes\u00f3 en la elecci\u00f3n de Bullrich, con quien tiene una inmejorable sinton\u00eda, especialmente en asuntos de seguridad.<\/p>\n<p>De hecho, trabajaron juntos en proyectos de ley cuando la presidenta del PRO en uso de licencia era ministra de Seguridad del Gobierno de Cambiemos. Una de las normas que motivaron una articulaci\u00f3n entre ambos fue la 27.375 que limita las excarcelaciones o salidas anticipadas a condenados por delitos graves.<\/p>\n<p>M\u00e1s all\u00e1 del perfil &#8220;halc\u00f3n&#8221;, Bullrich ten\u00eda decidido que su compa\u00f1ero de f\u00f3rmula deb\u00eda provenir del radicalismo para no cederle todo el aparato del partido centenario a su adversario interno, Horacio Rodr\u00edguez Larreta. Pero ten\u00eda que ser alguien que no la desperfilara y por eso apunt\u00f3 al &#8220;grupo Malbec&#8221; del radicalismo no alineado a la conducci\u00f3n de Gerardo Morales.<\/p>\n<p>Descartado Alfredo Cornejo por su decisi\u00f3n de ir por un nuevo mandato como gobernador, la opci\u00f3n de Petri era m\u00e1s que tentadora para Bullrich, y especialmente despu\u00e9s de las PASO mendocinas que revalorizaron su figura. El actual gobernador de esa provincia cuyana, Rodolfo Su\u00e1rez, el presidente de la UCR bonaerense, Maximiliano Abad, y el jefe del bloque de senadores radicales, Luis Naidenoff, eran otras alternativas que estaban en el bolillero, pero corr\u00edan de atr\u00e1s en la consideraci\u00f3n de la precandidata presidencial.<\/p>\n<p>Con fuerte presencia medi\u00e1tica, Petri tambi\u00e9n trascendi\u00f3 en la agenda p\u00fablica por cuestiones de su vida privada, como por ejemplo su romance con la periodista Cristina P\u00e9rez, con quien se conoci\u00f3 en octubre de 2021.<\/p>\n","protected":false},"excerpt":{"rendered":"<p>Radical, mendocino y especialista en Seguridad, Petri fue dos veces diputado nacional y est\u00e1 enrolado en el radicalismo &#8220;halc\u00f3n&#8221; no alineado a la conducci\u00f3n de Gerardo Morales en la UCR. Tuvo una gran elecci\u00f3n en las PASO mendocinas &nbsp; &nbsp; Radical y mendocino, Luis Petri fue la gran sorpresa de las PASO mendocinas del 11 de junio pasado cuando logr\u00f3 competirle de igual a igual a Alfredo Cornejo en la interna del frente Cambia Mendoza, cosechando uno de cada cuatro votos de la coalici\u00f3n. Este mi\u00e9rcoles su nombre volvi\u00f3 a&#8230;<\/p>\n","protected":false},"author":3,"featured_media":103518,"comment_status":"closed","ping_status":"closed","sticky":false,"template":"","format":"standard","meta":[],"categories":[18],"tags":[],"_links":{"self":[{"href":"https:\/\/www.actualidadadiario.com\/index.php\/wp-json\/wp\/v2\/posts\/103517"}],"collection":[{"href":"https:\/\/www.actualidadadiario.com\/index.php\/wp-json\/wp\/v2\/posts"}],"about":[{"href":"https:\/\/www.actualidadadiario.com\/index.php\/wp-json\/wp\/v2\/types\/post"}],"author":[{"embeddable":true,"href":"https:\/\/www.actualidadadiario.com\/index.php\/wp-json\/wp\/v2\/users\/3"}],"replies":[{"embeddable":true,"href":"https:\/\/www.actualidadadiario.com\/index.php\/wp-json\/wp\/v2\/comments?post=103517"}],"version-history":[{"count":1,"href":"https:\/\/www.actualidadadiario.com\/index.php\/wp-json\/wp\/v2\/posts\/103517\/revisions"}],"predecessor-version":[{"id":103519,"href":"https:\/\/www.actualidadadiario.com\/index.php\/wp-json\/wp\/v2\/posts\/103517\/revisions\/103519"}],"wp:featuredmedia":[{"embeddable":true,"href":"https:\/\/www.actualidadadiario.com\/index.php\/wp-json\/wp\/v2\/media\/103518"}],"wp:attachment":[{"href":"https:\/\/www.actualidadadiario.com\/index.php\/wp-json\/wp\/v2\/media?parent=103517"}],"wp:term":[{"taxonomy":"category","embeddable":true,"href":"https:\/\/www.actualidadadiario.com\/index.php\/wp-json\/wp\/v2\/categories?post=103517"},{"taxonomy":"post_tag","embeddable":true,"href":"https:\/\/www.actualidadadiario.com\/index.php\/wp-json\/wp\/v2\/tags?post=103517"}],"curies":[{"name":"wp","href":"https:\/\/api.w.org\/{rel}","templated":true}]}}