{"id":103509,"date":"2023-06-22T13:08:19","date_gmt":"2023-06-22T16:08:19","guid":{"rendered":"https:\/\/www.actualidadadiario.com\/?p=103509"},"modified":"2023-06-22T13:08:19","modified_gmt":"2023-06-22T16:08:19","slug":"paritaria-salarial-el-gobierno-recibe-este-jueves-a-los-gremios-estatales","status":"publish","type":"post","link":"https:\/\/www.actualidadadiario.com\/index.php\/2023\/06\/22\/paritaria-salarial-el-gobierno-recibe-este-jueves-a-los-gremios-estatales\/","title":{"rendered":"Paritaria salarial: El Gobierno recibe este jueves a los gremios estatales"},"content":{"rendered":"<p style=\"text-align: center;\"><em><strong>La Uni\u00f3n del Personal Civil de la Naci\u00f3n (UPCN) y la Asociaci\u00f3n de los trabajadores del Estado (ATE) fueron convocados para hoy a las 12 a fin de reanudar la paritaria salarial del sector estatal. El encuentro se realizar\u00e1 en el Sal\u00f3n de los Gobernadores de la Casa de Gobierno<\/strong><\/em><\/p>\n<p>&nbsp;<\/p>\n<p>&nbsp;<\/p>\n<p>La convocatoria, notificada a trav\u00e9s de la Secretar\u00eda de Trabajo de la provincia, se dio seg\u00fan lo acordado en la \u00faltima reuni\u00f3n paritaria, cuando definieron retomar las negociaciones una vez difundido el \u00edndice de inflaci\u00f3n, hecho que se dio a conocer el pasado mi\u00e9rcoles.<\/p>\n<p>Vale recordar que la \u00faltima reuni\u00f3n se realiz\u00f3 el 8 de junio en la Casa Gris. En este contexto la representante de UPCN, Carina Dom\u00ednguez, dijo a esta Agencia: \u201cEn junio tiene que haber novedades porque es probable que quedemos por debajo de lo pautado\u201d.<\/p>\n<p>Por su parte, el representante de ATE, Oscar Muntes, resalt\u00f3: \u201cTenemos la necesidad imperiosa de recomponer el salario para no perder con respecto a la inflaci\u00f3n\u201d.<\/p>\n","protected":false},"excerpt":{"rendered":"<p>La Uni\u00f3n del Personal Civil de la Naci\u00f3n (UPCN) y la Asociaci\u00f3n de los trabajadores del Estado (ATE) fueron convocados para hoy a las 12 a fin de reanudar la paritaria salarial del sector estatal. El encuentro se realizar\u00e1 en el Sal\u00f3n de los Gobernadores de la Casa de Gobierno &nbsp; &nbsp; La convocatoria, notificada a trav\u00e9s de la Secretar\u00eda de Trabajo de la provincia, se dio seg\u00fan lo acordado en la \u00faltima reuni\u00f3n paritaria, cuando definieron retomar las negociaciones una vez difundido el \u00edndice de inflaci\u00f3n, hecho que se&#8230;<\/p>\n","protected":false},"author":3,"featured_media":91925,"comment_status":"closed","ping_status":"closed","sticky":false,"template":"","format":"standard","meta":[],"categories":[15],"tags":[],"_links":{"self":[{"href":"https:\/\/www.actualidadadiario.com\/index.php\/wp-json\/wp\/v2\/posts\/103509"}],"collection":[{"href":"https:\/\/www.actualidadadiario.com\/index.php\/wp-json\/wp\/v2\/posts"}],"about":[{"href":"https:\/\/www.actualidadadiario.com\/index.php\/wp-json\/wp\/v2\/types\/post"}],"author":[{"embeddable":true,"href":"https:\/\/www.actualidadadiario.com\/index.php\/wp-json\/wp\/v2\/users\/3"}],"replies":[{"embeddable":true,"href":"https:\/\/www.actualidadadiario.com\/index.php\/wp-json\/wp\/v2\/comments?post=103509"}],"version-history":[{"count":1,"href":"https:\/\/www.actualidadadiario.com\/index.php\/wp-json\/wp\/v2\/posts\/103509\/revisions"}],"predecessor-version":[{"id":103510,"href":"https:\/\/www.actualidadadiario.com\/index.php\/wp-json\/wp\/v2\/posts\/103509\/revisions\/103510"}],"wp:featuredmedia":[{"embeddable":true,"href":"https:\/\/www.actualidadadiario.com\/index.php\/wp-json\/wp\/v2\/media\/91925"}],"wp:attachment":[{"href":"https:\/\/www.actualidadadiario.com\/index.php\/wp-json\/wp\/v2\/media?parent=103509"}],"wp:term":[{"taxonomy":"category","embeddable":true,"href":"https:\/\/www.actualidadadiario.com\/index.php\/wp-json\/wp\/v2\/categories?post=103509"},{"taxonomy":"post_tag","embeddable":true,"href":"https:\/\/www.actualidadadiario.com\/index.php\/wp-json\/wp\/v2\/tags?post=103509"}],"curies":[{"name":"wp","href":"https:\/\/api.w.org\/{rel}","templated":true}]}}