{"id":103504,"date":"2023-06-22T13:06:27","date_gmt":"2023-06-22T16:06:27","guid":{"rendered":"https:\/\/www.actualidadadiario.com\/?p=103504"},"modified":"2023-06-22T13:06:27","modified_gmt":"2023-06-22T16:06:27","slug":"la-postura-de-los-gremios-docentes-sobre-la-propuesta-del-gobierno","status":"publish","type":"post","link":"https:\/\/www.actualidadadiario.com\/index.php\/2023\/06\/22\/la-postura-de-los-gremios-docentes-sobre-la-propuesta-del-gobierno\/","title":{"rendered":"La postura de  los gremios docentes sobre la propuesta del gobierno"},"content":{"rendered":"<p style=\"text-align: center;\"><em><strong>Tras la reuni\u00f3n con el Presidente del CGE, los docentes exigieron que \u201cla base de c\u00e1lculos para el segundo semestre sea el \u00faltimo haber percibido dentro de este primer semestre y no el de enero como se viene haciendo todos los a\u00f1os\u201d, confirm\u00f3 el referente de AMET, Carlos Varela<\/strong><\/em><\/p>\n<p>&nbsp;<\/p>\n<p>&nbsp;<\/p>\n<p>Tras la propuesta paritaria del 18% de aumento que propuso el gobierno a los gremios docentes en la reuni\u00f3n de este mi\u00e9rcoles, las partes se volver\u00e1n a reunir el pr\u00f3ximo lunes.<\/p>\n<p>Ante esta propuesta, cada una de las entidades gremiales dio su opini\u00f3n sobre el aumento.<\/p>\n<p>El secretario General de la Asociaci\u00f3n Gremial del Magisterio de Entre R\u00edos (Agmer), Marcelo Pagani, afirm\u00f3 que el gremio plante\u00f3 \u201cla necesidad de cerrar el primer semestre del a\u00f1o con un salario que est\u00e9 por encima de la inflaci\u00f3n\u201d.<\/p>\n<p>\u201cSi bien llegamos a un muy buen acuerdo el 24 de febrero, nadie imagin\u00f3 la magnitud del proceso inflacionario, por lo que ese acuerdo de 40 puntos no alcanz\u00f3 y estamos retrasados\u201d, se\u00f1al\u00f3 el dirigente.<\/p>\n<p>En este contexto, y con el fin de \u201ccerrar el semestre y recuperar algunos puntos que hemos perdido\u201d, el sindicato propuso\u00a0 \u201cadelantar ese porcentaje que todav\u00eda resta cobrar con los haberes de junio y sumar otros cinco puntos para compensar\u201d.<\/p>\n<p>Cabe destacar que el acuerdo de recomposici\u00f3n salarial que se alcanz\u00f3 en febrero para los trabajadores docentes consisti\u00f3 en una suba de 8% para febrero,19% para marzo y 13 para mayo.<\/p>\n<p>Por su parte, el representante de la Asociaci\u00f3n Del Magisterio de Ense\u00f1anza T\u00e9cnica (AMET), Carlos Varela, cont\u00f3: \u201cLo que se llevan los representantes del gobierno para el pr\u00f3ximo lunes son dos temas: Si parte de ese 18% es retroactivo al mes de junio y, el segundo es que la base de c\u00e1lculos para el segundo semestre sea el \u00faltimo haber percibido dentro de este primer semestre y no el de enero como se viene haciendo\u201d.<\/p>\n<p>Adem\u00e1s expuso: \u201cLo que pedimos hoy es porque vemos que hay una diferencia significativa y exigimos que hagan un retoque antes de bajarla a las bases el pr\u00f3ximo lunes, porque est\u00e1 sobrepasando lo que venimos perdiendo de poder adquisitivo\u201d<\/p>\n<p>\u201cEsto es para cerrar el primer semestre de este a\u00f1o y luego se comenzar\u00eda a trabajar la propuesta para el segundo, en el primero el incremento salarial fue del 58% con respecto a enero\u201d.<\/p>\n<p>Por otro lado, la representante del Sindicato Argentino de Docentes Privados (Sadop), Alejandra Frank, puntualiz\u00f3: \u201cEstamos pidiendo que el aumento se adelante a junio para que realmente impacte en los salarios, vamos a esperar qu\u00e9 nos responden y realizaremos plenarios de delegados la semana que viene\u201d.<\/p>\n<p>A su vez, se mostr\u00f3 con expectativas para la pr\u00f3xima reuni\u00f3n: \u201cCreemos que en este cuarto intermedio el gobierno va a analizar lo que le hemos solicitado\u201d.<\/p>\n<p>Por \u00faltimo, la Secretaria General de la Uni\u00f3n de Docentes Argentinos (UDA), Mirta Raya, observ\u00f3 de manera positiva la paritaria. A su vez, propuso \u201cque se tome como base de c\u00e1lculo el \u00faltimo sueldo porque se est\u00e1 tomando como base el mes de enero y los aumentos que recibimos no son acordes a la inflaci\u00f3n actual\u201d.<\/p>\n","protected":false},"excerpt":{"rendered":"<p>Tras la reuni\u00f3n con el Presidente del CGE, los docentes exigieron que \u201cla base de c\u00e1lculos para el segundo semestre sea el \u00faltimo haber percibido dentro de este primer semestre y no el de enero como se viene haciendo todos los a\u00f1os\u201d, confirm\u00f3 el referente de AMET, Carlos Varela &nbsp; &nbsp; Tras la propuesta paritaria del 18% de aumento que propuso el gobierno a los gremios docentes en la reuni\u00f3n de este mi\u00e9rcoles, las partes se volver\u00e1n a reunir el pr\u00f3ximo lunes. Ante esta propuesta, cada una de las entidades&#8230;<\/p>\n","protected":false},"author":3,"featured_media":103505,"comment_status":"closed","ping_status":"closed","sticky":false,"template":"","format":"standard","meta":[],"categories":[15],"tags":[],"_links":{"self":[{"href":"https:\/\/www.actualidadadiario.com\/index.php\/wp-json\/wp\/v2\/posts\/103504"}],"collection":[{"href":"https:\/\/www.actualidadadiario.com\/index.php\/wp-json\/wp\/v2\/posts"}],"about":[{"href":"https:\/\/www.actualidadadiario.com\/index.php\/wp-json\/wp\/v2\/types\/post"}],"author":[{"embeddable":true,"href":"https:\/\/www.actualidadadiario.com\/index.php\/wp-json\/wp\/v2\/users\/3"}],"replies":[{"embeddable":true,"href":"https:\/\/www.actualidadadiario.com\/index.php\/wp-json\/wp\/v2\/comments?post=103504"}],"version-history":[{"count":1,"href":"https:\/\/www.actualidadadiario.com\/index.php\/wp-json\/wp\/v2\/posts\/103504\/revisions"}],"predecessor-version":[{"id":103506,"href":"https:\/\/www.actualidadadiario.com\/index.php\/wp-json\/wp\/v2\/posts\/103504\/revisions\/103506"}],"wp:featuredmedia":[{"embeddable":true,"href":"https:\/\/www.actualidadadiario.com\/index.php\/wp-json\/wp\/v2\/media\/103505"}],"wp:attachment":[{"href":"https:\/\/www.actualidadadiario.com\/index.php\/wp-json\/wp\/v2\/media?parent=103504"}],"wp:term":[{"taxonomy":"category","embeddable":true,"href":"https:\/\/www.actualidadadiario.com\/index.php\/wp-json\/wp\/v2\/categories?post=103504"},{"taxonomy":"post_tag","embeddable":true,"href":"https:\/\/www.actualidadadiario.com\/index.php\/wp-json\/wp\/v2\/tags?post=103504"}],"curies":[{"name":"wp","href":"https:\/\/api.w.org\/{rel}","templated":true}]}}