{"id":103499,"date":"2023-06-22T13:03:56","date_gmt":"2023-06-22T16:03:56","guid":{"rendered":"https:\/\/www.actualidadadiario.com\/?p=103499"},"modified":"2023-06-22T13:03:56","modified_gmt":"2023-06-22T16:03:56","slug":"esta-semana-no-sesionara-la-camara-de-diputados-de-entre-rios","status":"publish","type":"post","link":"https:\/\/www.actualidadadiario.com\/index.php\/2023\/06\/22\/esta-semana-no-sesionara-la-camara-de-diputados-de-entre-rios\/","title":{"rendered":"Esta semana no sesionar\u00e1 la C\u00e1mara de Diputados de Entre R\u00edos"},"content":{"rendered":"<p style=\"text-align: center;\"><em><strong>Esta semana no habr\u00e1 sesi\u00f3n en la C\u00e1mara de Diputados a pesar de que el calendario de sesiones indicaba que deb\u00eda haber actividad en el recinto. Tampoco est\u00e1n previstas reuniones de comisi\u00f3n<\/strong><\/em><\/p>\n<p>&nbsp;<\/p>\n<p>&nbsp;<\/p>\n<p>La \u00faltima sesi\u00f3n tuvo lugar el mi\u00e9rcoles 7 de junio y, teniendo en cuenta, que la C\u00e1mara de Diputados sesiona cada 14 d\u00edas, esta semana deb\u00eda haber actividad legislativa.<\/p>\n<p>No solo no habr\u00e1 sesi\u00f3n, tampoco fueron convocadas las comisiones legislativas.<\/p>\n<p>Cabe recordar que en la \u00faltima sesi\u00f3n los legisladores aprobaron cambios en el C\u00f3digo Fiscal y en la ley que rige los honorarios de los abogados.<\/p>\n","protected":false},"excerpt":{"rendered":"<p>Esta semana no habr\u00e1 sesi\u00f3n en la C\u00e1mara de Diputados a pesar de que el calendario de sesiones indicaba que deb\u00eda haber actividad en el recinto. Tampoco est\u00e1n previstas reuniones de comisi\u00f3n &nbsp; &nbsp; La \u00faltima sesi\u00f3n tuvo lugar el mi\u00e9rcoles 7 de junio y, teniendo en cuenta, que la C\u00e1mara de Diputados sesiona cada 14 d\u00edas, esta semana deb\u00eda haber actividad legislativa. No solo no habr\u00e1 sesi\u00f3n, tampoco fueron convocadas las comisiones legislativas. Cabe recordar que en la \u00faltima sesi\u00f3n los legisladores aprobaron cambios en el C\u00f3digo Fiscal y&#8230;<\/p>\n","protected":false},"author":3,"featured_media":91282,"comment_status":"closed","ping_status":"closed","sticky":false,"template":"","format":"standard","meta":[],"categories":[15],"tags":[],"_links":{"self":[{"href":"https:\/\/www.actualidadadiario.com\/index.php\/wp-json\/wp\/v2\/posts\/103499"}],"collection":[{"href":"https:\/\/www.actualidadadiario.com\/index.php\/wp-json\/wp\/v2\/posts"}],"about":[{"href":"https:\/\/www.actualidadadiario.com\/index.php\/wp-json\/wp\/v2\/types\/post"}],"author":[{"embeddable":true,"href":"https:\/\/www.actualidadadiario.com\/index.php\/wp-json\/wp\/v2\/users\/3"}],"replies":[{"embeddable":true,"href":"https:\/\/www.actualidadadiario.com\/index.php\/wp-json\/wp\/v2\/comments?post=103499"}],"version-history":[{"count":1,"href":"https:\/\/www.actualidadadiario.com\/index.php\/wp-json\/wp\/v2\/posts\/103499\/revisions"}],"predecessor-version":[{"id":103500,"href":"https:\/\/www.actualidadadiario.com\/index.php\/wp-json\/wp\/v2\/posts\/103499\/revisions\/103500"}],"wp:featuredmedia":[{"embeddable":true,"href":"https:\/\/www.actualidadadiario.com\/index.php\/wp-json\/wp\/v2\/media\/91282"}],"wp:attachment":[{"href":"https:\/\/www.actualidadadiario.com\/index.php\/wp-json\/wp\/v2\/media?parent=103499"}],"wp:term":[{"taxonomy":"category","embeddable":true,"href":"https:\/\/www.actualidadadiario.com\/index.php\/wp-json\/wp\/v2\/categories?post=103499"},{"taxonomy":"post_tag","embeddable":true,"href":"https:\/\/www.actualidadadiario.com\/index.php\/wp-json\/wp\/v2\/tags?post=103499"}],"curies":[{"name":"wp","href":"https:\/\/api.w.org\/{rel}","templated":true}]}}