{"id":103496,"date":"2023-06-22T13:03:03","date_gmt":"2023-06-22T16:03:03","guid":{"rendered":"https:\/\/www.actualidadadiario.com\/?p=103496"},"modified":"2023-06-22T13:03:03","modified_gmt":"2023-06-22T16:03:03","slug":"union-por-la-patria-define-candidatos-wado-de-pedro-ira-con-manzur-como-vice","status":"publish","type":"post","link":"https:\/\/www.actualidadadiario.com\/index.php\/2023\/06\/22\/union-por-la-patria-define-candidatos-wado-de-pedro-ira-con-manzur-como-vice\/","title":{"rendered":"Uni\u00f3n por la Patria define candidatos: Wado De Pedro ir\u00e1 con Manzur como vice"},"content":{"rendered":"<p style=\"text-align: center;\"><em><strong>El ministro del Interior ir\u00e1 a las PASO con el gobernador de Tucum\u00e1n como compa\u00f1ero\u00a0 f\u00f3rmula<\/strong><\/em><\/p>\n<p>&nbsp;<\/p>\n<p>&nbsp;<\/p>\n<p>&nbsp;<\/p>\n<p>A cuarenta y ocho horas del cierre del plazo para la inscripci\u00f3n de candidaturas para las elecciones primarias de agosto, el oficialismo que competir\u00e1 bajo el nombre de Uni\u00f3n por la Patria entr\u00f3 en terreno de definiciones.\u00a0 Eduardo &#8220;Wado&#8221; De Pedro, ministro del Interior,\u00a0 llevar\u00e1 como compa\u00f1ero de f\u00f3rmula presidencial al gobernador de Tucum\u00e1n, Juan Manzur.<\/p>\n<p>Desde los dos equipos de campa\u00f1a, confirmaron que est\u00e1 definido.<\/p>\n<p>El mi\u00e9rcoles comenzaron las definiciones: Scioli impugn\u00f3 ante la Justicia el reglamento interno por considerar que dificultaba la competencia interna. A ese hecho, los\u00a0 partidos mayoritarios de Uni\u00f3n por la Patria facilitaron avales para que pueda ser candidato presidencial y participar en las primarias abiertas del 12 de agosto.<\/p>\n<p>La comunicaci\u00f3n fue realizada con el respaldo de M\u00e1ximo Kirchner, Mario Secco, Carlos Castagnetto, Mart\u00edn Sabbatella, Rub\u00e9n Eslaiman y Diana Conti quienes acordaron facilitar los avales requeridos por la normativa vigente para presentar las distintas candidaturas.<\/p>\n<p>No fue un\u00a0 dato menor. Los sectores m\u00e1s cercaos a Cristina Kirchner hab\u00edan planteado como mejor alternativa ir con f\u00f3rmula \u00fanica,\u00a0 una postura que fue compartida por el Frente Renovador del ministro de Econom\u00eda, Sergio Massa.<\/p>\n<p>&nbsp;<\/p>\n<p><strong>Cristina con Manzur<\/strong><\/p>\n<p>La vicepresidenta Cristina Kirchner, la dirigente de mayor influencia en el espacio oficialista, recibi\u00f3 el mi\u00e9rcoles al gobernador de Tucum\u00e1n, , quien dej\u00f3 trascender en las \u00faltimas horas su voluntad de candidatearse en el marco de un armado que tenga una fuerte impronta federal.<\/p>\n<p>Manzur ya hab\u00eda tenido varios encuentros con dirigentes, incluso con intendentes, y mantuvo un encuentro con De Pedro<\/p>\n<p>El encuentro fue confirmado y se extendi\u00f3 por casi una hora.<\/p>\n<p>La tem\u00e1tica de la reuni\u00f3n se mantuvo en reserva, as\u00ed como la presencia del exjefe de Gabinete que aspira a ser uno de los precandidatos a presidente de Uni\u00f3n por la Patria (UxP) y en ese sentido fue que aparecieron carteles en la v\u00eda p\u00fablica en la ciudad de Buenos Aires promoviendo su postulaci\u00f3n.<\/p>\n<p>Manzur se retir\u00f3 por la salida de senadores y se subi\u00f3 a su veh\u00edculo sin hacer declaraciones a la prensa que se encontraba sobre la acera de la calle Hip\u00f3lito Yrigoyen.<\/p>\n<p>&nbsp;<\/p>\n<p><strong>La f\u00f3rmula &#8220;de la militancia&#8221;<\/strong><\/p>\n<p>Antes de las confirmaciones oficiales, el Intendente de Ensenada, Mario Secco, se pronunci\u00f3 sobre la elecci\u00f3n de la f\u00f3rmula presidencial, y se\u00f1al\u00f3 que \u201ca la militancia le gusta\u00a0 Wado\u00a0 con Manzur\u201d.<\/p>\n<p>\u201cPor supuesto que la \u00faltima decisi\u00f3n pasa por aquella que tiene toda la fuerza, Cristina Kirchner. Si Wado es el candidato en nuestro espacio no tengo problema de acompa\u00f1arlo con toda la fuerza. Lo mismo piensan muchos intendentes\u201d, sostuvo el jefe comunal en di\u00e1logo con FM La Patriada.<\/p>\n","protected":false},"excerpt":{"rendered":"<p>El ministro del Interior ir\u00e1 a las PASO con el gobernador de Tucum\u00e1n como compa\u00f1ero\u00a0 f\u00f3rmula &nbsp; &nbsp; &nbsp; A cuarenta y ocho horas del cierre del plazo para la inscripci\u00f3n de candidaturas para las elecciones primarias de agosto, el oficialismo que competir\u00e1 bajo el nombre de Uni\u00f3n por la Patria entr\u00f3 en terreno de definiciones.\u00a0 Eduardo &#8220;Wado&#8221; De Pedro, ministro del Interior,\u00a0 llevar\u00e1 como compa\u00f1ero de f\u00f3rmula presidencial al gobernador de Tucum\u00e1n, Juan Manzur. Desde los dos equipos de campa\u00f1a, confirmaron que est\u00e1 definido. El mi\u00e9rcoles comenzaron las definiciones:&#8230;<\/p>\n","protected":false},"author":3,"featured_media":103497,"comment_status":"closed","ping_status":"closed","sticky":false,"template":"","format":"standard","meta":[],"categories":[9],"tags":[],"_links":{"self":[{"href":"https:\/\/www.actualidadadiario.com\/index.php\/wp-json\/wp\/v2\/posts\/103496"}],"collection":[{"href":"https:\/\/www.actualidadadiario.com\/index.php\/wp-json\/wp\/v2\/posts"}],"about":[{"href":"https:\/\/www.actualidadadiario.com\/index.php\/wp-json\/wp\/v2\/types\/post"}],"author":[{"embeddable":true,"href":"https:\/\/www.actualidadadiario.com\/index.php\/wp-json\/wp\/v2\/users\/3"}],"replies":[{"embeddable":true,"href":"https:\/\/www.actualidadadiario.com\/index.php\/wp-json\/wp\/v2\/comments?post=103496"}],"version-history":[{"count":1,"href":"https:\/\/www.actualidadadiario.com\/index.php\/wp-json\/wp\/v2\/posts\/103496\/revisions"}],"predecessor-version":[{"id":103498,"href":"https:\/\/www.actualidadadiario.com\/index.php\/wp-json\/wp\/v2\/posts\/103496\/revisions\/103498"}],"wp:featuredmedia":[{"embeddable":true,"href":"https:\/\/www.actualidadadiario.com\/index.php\/wp-json\/wp\/v2\/media\/103497"}],"wp:attachment":[{"href":"https:\/\/www.actualidadadiario.com\/index.php\/wp-json\/wp\/v2\/media?parent=103496"}],"wp:term":[{"taxonomy":"category","embeddable":true,"href":"https:\/\/www.actualidadadiario.com\/index.php\/wp-json\/wp\/v2\/categories?post=103496"},{"taxonomy":"post_tag","embeddable":true,"href":"https:\/\/www.actualidadadiario.com\/index.php\/wp-json\/wp\/v2\/tags?post=103496"}],"curies":[{"name":"wp","href":"https:\/\/api.w.org\/{rel}","templated":true}]}}