{"id":103494,"date":"2023-06-22T13:02:08","date_gmt":"2023-06-22T16:02:08","guid":{"rendered":"https:\/\/www.actualidadadiario.com\/?p=103494"},"modified":"2023-06-22T13:02:08","modified_gmt":"2023-06-22T16:02:08","slug":"a-la-espera-de-la-definicion-del-kirchnerismo-seis-formulas-ya-se-oficializaron-para-las-paso","status":"publish","type":"post","link":"https:\/\/www.actualidadadiario.com\/index.php\/2023\/06\/22\/a-la-espera-de-la-definicion-del-kirchnerismo-seis-formulas-ya-se-oficializaron-para-las-paso\/","title":{"rendered":"A la espera de la definici\u00f3n del kirchnerismo, seis f\u00f3rmulas ya se oficializaron para las PASO"},"content":{"rendered":"<p style=\"text-align: center;\"><em><strong>El kirchnerismo tiene que anunciar la f\u00f3rmula para enfrentar a Scioli, mientras que en JxC esperan que Larreta anuncie a su vice. Las reuniones de \u00faltima hora<\/strong><\/em><\/p>\n<p>&nbsp;<\/p>\n<p>&nbsp;<\/p>\n<p>Son horas de mucha expectativa en la pol\u00edtica argentina. El l\u00edmite del plazo para presentar las listas electorales ante la Justicia vence el s\u00e1bado a la medianoche y en el oficialismo esperan una movida pol\u00edtica del kirchnerismo que establezca qu\u00e9 f\u00f3rmula le har\u00e1 frente a Daniel Scioli. Sin embargo, por fuera de Unidos por la Patria gran parte de los espacios present\u00f3 sus binomios.<\/p>\n<p>En las \u00faltimas horas trascendieron una serie de reuniones t\u00edpicas del cierre de listas. Uno de los que fue al Senado-se presume a reunirse con la vicepresidenta Cristina Kirchner- fue el ex jefe de Gabinete y ex candidato a gobernador de Tucum\u00e1n, Juan Manzur. Despu\u00e9s de un rato all\u00ed se habr\u00eda reunido con el ministro del Interior, Eduardo &#8220;Wado&#8221; de Pedro.<\/p>\n<p>En el kirchnerismo hay mucho hermetismo y lo que crece es la duda acerca de cu\u00e1ndo se anunciar\u00e1 una f\u00f3rmula que le haga frente al espacio de Alberto Fern\u00e1ndez y por qu\u00e9 v\u00eda se har\u00e1 el anuncio. La \u00faltima vez que eso ocurri\u00f3, en 2019, fue la propia Cristina la que a trav\u00e9s de un video publicado en Twitter anunci\u00f3 la f\u00f3rmula que integraba ella como vice y Fern\u00e1ndez como presidente.<\/p>\n<p>Mientras tanto, ayer los gobernadores peronistas volvieron a publicar una carta en la que insistieron con la necesidad de que el espacio lleve a las elecciones una f\u00f3rmula de unidad, algo que puede ser tomado como una presi\u00f3n al espacio de Scioli, representado por el ministro de Seguridad, An\u00edbal Fern\u00e1ndez, que objet\u00f3 ante la Junta Electoral del espacio el reglamento interno para las PASO.<\/p>\n<p>&nbsp;<\/p>\n<p><strong>En JxC, a la espera de Larreta<\/strong><\/p>\n<p>Juntos por el Cambio fue uno de los espacios principales que present\u00f3 su primera f\u00f3rmula. Patricia Bullrich &#8211; Luis Petri, es la combinaci\u00f3n de la llamada &#8220;ala dura&#8221; del espacio opositor.<\/p>\n<p>La expresidenta del PRO eligi\u00f3 para que la secunde a un integrante de las filas de la Uni\u00f3n C\u00edvica Radical (UCR) que tiene un perfil poco conocido, pero duro en cuanto a sus definiciones pol\u00edticas, que son bien cercanas al pensamiento de la exministra de Seguridad de Mauricio Macri.<\/p>\n<p>El que tiene que mover dentro del espacio es Horacio Rodr\u00edguez Larreta. El rival interno de Bullrich viene de encabezar una feroz pelea con ese sector de Juntos por el Cambio, aunque en los \u00faltimos d\u00edas hubo una foto de unidad a partir de la represi\u00f3n del martes en Jujuy.<\/p>\n<p>En Uspallata son horas complejas. Hay quienes especulan con que el compa\u00f1ero de f\u00f3rmula del mandatario porte\u00f1o ser\u00eda tambi\u00e9n un radical: el gobernador juje\u00f1o, Gerardo Morales.<\/p>\n<p>&nbsp;<\/p>\n<p><strong>Milei, con Villarruel<\/strong><\/p>\n<p>La Libertad Avanza fue el espacio que se adelant\u00f3 entre los tres m\u00e1s votados. Es que Javier Milei fue el primero en salir a comunicar qui\u00e9n era su compa\u00f1era para ocupar la Vicepresidencia en caso de llegar a la Casa Rosada.<\/p>\n<p>Victoria Villarruel fue la elegida. Su compa\u00f1era de bancada en la C\u00e1mara de Diputados fue anunciada a mediados de mayo pasado.<\/p>\n<p>Se trata de una referente de la derecha que tiene un discurso muy cercano al que maneja Milei: re\u00fane en su discurso posicionamientos en contra de los derechos de las mujeres y las diversidades, expresiones contra de las comunidades de pueblos originarios y, por lo general, contra todo aquello que signifique un reclamo de tinte popular.<\/p>\n<p>&nbsp;<\/p>\n<p><strong>La izquierda<\/strong><\/p>\n<p>Por el lado de la izquierda, el Frente de Izquierda y los Trabajadores Unidad (Fitu) tambi\u00e9n tiene su f\u00f3rmula. La integran la abogada por los Derechos Humanos y diputada nacional Myriam Bregman, junto a su par Nicol\u00e1s del Ca\u00f1o, candidato del espacio en 2019.<\/p>\n<p>Pero esa es una sola de las listas. El espacio integrado por el Partido de los Trabajadores Socialistas (PTS), la Izquierda Socialista, el Partido Obrero (PO) y el Movimiento Socialista de los Trabajadores (MST) tambi\u00e9n lleva como candidatos a Gabriel Solano y Vilma Ripoll.<\/p>\n<p>El Nuevo MAS se qued\u00f3 afuera del frente y anot\u00f3 una alianza que se presentar\u00e1 en las Primarias sin competencia interna. La f\u00f3rmula la integran Manuela Casta\u00f1eira, que viene de ser candidata en 2019, y Lucas Ruiz, un docente de Neuqu\u00e9n.<\/p>\n<p>En tanto, otra de las f\u00f3rmulas que ya se anot\u00f3 es la del partido Libres del Sur. El candidato a presidente es Jes\u00fas Escobar, un ingeniero neuquino de 52 a\u00f1os, que lleva como candidata a vicepresidenta a Marianella Lezama Hid, una contadora de Santiago del Estero, referente del espacio Mumal\u00e1.<\/p>\n","protected":false},"excerpt":{"rendered":"<p>El kirchnerismo tiene que anunciar la f\u00f3rmula para enfrentar a Scioli, mientras que en JxC esperan que Larreta anuncie a su vice. Las reuniones de \u00faltima hora &nbsp; &nbsp; Son horas de mucha expectativa en la pol\u00edtica argentina. El l\u00edmite del plazo para presentar las listas electorales ante la Justicia vence el s\u00e1bado a la medianoche y en el oficialismo esperan una movida pol\u00edtica del kirchnerismo que establezca qu\u00e9 f\u00f3rmula le har\u00e1 frente a Daniel Scioli. Sin embargo, por fuera de Unidos por la Patria gran parte de los espacios&#8230;<\/p>\n","protected":false},"author":3,"featured_media":91464,"comment_status":"closed","ping_status":"closed","sticky":false,"template":"","format":"standard","meta":[],"categories":[9],"tags":[],"_links":{"self":[{"href":"https:\/\/www.actualidadadiario.com\/index.php\/wp-json\/wp\/v2\/posts\/103494"}],"collection":[{"href":"https:\/\/www.actualidadadiario.com\/index.php\/wp-json\/wp\/v2\/posts"}],"about":[{"href":"https:\/\/www.actualidadadiario.com\/index.php\/wp-json\/wp\/v2\/types\/post"}],"author":[{"embeddable":true,"href":"https:\/\/www.actualidadadiario.com\/index.php\/wp-json\/wp\/v2\/users\/3"}],"replies":[{"embeddable":true,"href":"https:\/\/www.actualidadadiario.com\/index.php\/wp-json\/wp\/v2\/comments?post=103494"}],"version-history":[{"count":1,"href":"https:\/\/www.actualidadadiario.com\/index.php\/wp-json\/wp\/v2\/posts\/103494\/revisions"}],"predecessor-version":[{"id":103495,"href":"https:\/\/www.actualidadadiario.com\/index.php\/wp-json\/wp\/v2\/posts\/103494\/revisions\/103495"}],"wp:featuredmedia":[{"embeddable":true,"href":"https:\/\/www.actualidadadiario.com\/index.php\/wp-json\/wp\/v2\/media\/91464"}],"wp:attachment":[{"href":"https:\/\/www.actualidadadiario.com\/index.php\/wp-json\/wp\/v2\/media?parent=103494"}],"wp:term":[{"taxonomy":"category","embeddable":true,"href":"https:\/\/www.actualidadadiario.com\/index.php\/wp-json\/wp\/v2\/categories?post=103494"},{"taxonomy":"post_tag","embeddable":true,"href":"https:\/\/www.actualidadadiario.com\/index.php\/wp-json\/wp\/v2\/tags?post=103494"}],"curies":[{"name":"wp","href":"https:\/\/api.w.org\/{rel}","templated":true}]}}