{"id":103492,"date":"2023-06-22T13:00:53","date_gmt":"2023-06-22T16:00:53","guid":{"rendered":"https:\/\/www.actualidadadiario.com\/?p=103492"},"modified":"2023-06-22T13:00:53","modified_gmt":"2023-06-22T16:00:53","slug":"indec-revela-hoy-datos-de-actividad-economica-y-desempleo-del-primer-trimestre","status":"publish","type":"post","link":"https:\/\/www.actualidadadiario.com\/index.php\/2023\/06\/22\/indec-revela-hoy-datos-de-actividad-economica-y-desempleo-del-primer-trimestre\/","title":{"rendered":"INDEC revela hoy datos de actividad econ\u00f3mica y desempleo del primer trimestre"},"content":{"rendered":"<p style=\"text-align: center;\"><em><strong>El Producto Bruto Interno (PBI) creci\u00f3 5,2% durante 2022, mientras que el \u00edndice de desocupaci\u00f3n baj\u00f3 al 6,3% al t\u00e9rmino del a\u00f1o pasado<\/strong><\/em><\/p>\n<p>&nbsp;<\/p>\n<p>&nbsp;<\/p>\n<p>El Instituto Nacional de Estad\u00edstica y Censos (INDEC) dar\u00e1 esta tarde a conocer el informe de avance del nivel de actividad y del mercado de trabajo, en ambos casos correspondientes al primer trimestre de este a\u00f1o.<\/p>\n<p>El Producto Bruto Interno (PBI) creci\u00f3 5,2% durante 2022, con lo que acumul\u00f3 el segundo a\u00f1o consecutivo con n\u00fameros positivos, tras el avance de 10,3% registrado en 2021.<\/p>\n<p>Adem\u00e1s, el PBI del cuarto trimestre estuvo 1,9% por encima de igual per\u00edodo del 2021, pero 1,5% por debajo del de julio-septiembre del 2022.<\/p>\n<p>Por su parte, el \u00edndice de desocupaci\u00f3n baj\u00f3 al 6,3% al t\u00e9rmino del 2022, siete d\u00e9cimas menos que el 7% registrado en similar per\u00edodo de 2021.<\/p>\n<p>Respecto al tercer trimestre del a\u00f1o pasado, cuando el nivel de desempleo fue de 7,1%, el per\u00edodo octubre-noviembre-diciembre de 2022 tambi\u00e9n marc\u00f3 una disminuci\u00f3n de ocho d\u00e9cimas de punto.<\/p>\n","protected":false},"excerpt":{"rendered":"<p>El Producto Bruto Interno (PBI) creci\u00f3 5,2% durante 2022, mientras que el \u00edndice de desocupaci\u00f3n baj\u00f3 al 6,3% al t\u00e9rmino del a\u00f1o pasado &nbsp; &nbsp; El Instituto Nacional de Estad\u00edstica y Censos (INDEC) dar\u00e1 esta tarde a conocer el informe de avance del nivel de actividad y del mercado de trabajo, en ambos casos correspondientes al primer trimestre de este a\u00f1o. El Producto Bruto Interno (PBI) creci\u00f3 5,2% durante 2022, con lo que acumul\u00f3 el segundo a\u00f1o consecutivo con n\u00fameros positivos, tras el avance de 10,3% registrado en 2021. Adem\u00e1s,&#8230;<\/p>\n","protected":false},"author":3,"featured_media":15563,"comment_status":"closed","ping_status":"closed","sticky":false,"template":"","format":"standard","meta":[],"categories":[2],"tags":[],"_links":{"self":[{"href":"https:\/\/www.actualidadadiario.com\/index.php\/wp-json\/wp\/v2\/posts\/103492"}],"collection":[{"href":"https:\/\/www.actualidadadiario.com\/index.php\/wp-json\/wp\/v2\/posts"}],"about":[{"href":"https:\/\/www.actualidadadiario.com\/index.php\/wp-json\/wp\/v2\/types\/post"}],"author":[{"embeddable":true,"href":"https:\/\/www.actualidadadiario.com\/index.php\/wp-json\/wp\/v2\/users\/3"}],"replies":[{"embeddable":true,"href":"https:\/\/www.actualidadadiario.com\/index.php\/wp-json\/wp\/v2\/comments?post=103492"}],"version-history":[{"count":1,"href":"https:\/\/www.actualidadadiario.com\/index.php\/wp-json\/wp\/v2\/posts\/103492\/revisions"}],"predecessor-version":[{"id":103493,"href":"https:\/\/www.actualidadadiario.com\/index.php\/wp-json\/wp\/v2\/posts\/103492\/revisions\/103493"}],"wp:featuredmedia":[{"embeddable":true,"href":"https:\/\/www.actualidadadiario.com\/index.php\/wp-json\/wp\/v2\/media\/15563"}],"wp:attachment":[{"href":"https:\/\/www.actualidadadiario.com\/index.php\/wp-json\/wp\/v2\/media?parent=103492"}],"wp:term":[{"taxonomy":"category","embeddable":true,"href":"https:\/\/www.actualidadadiario.com\/index.php\/wp-json\/wp\/v2\/categories?post=103492"},{"taxonomy":"post_tag","embeddable":true,"href":"https:\/\/www.actualidadadiario.com\/index.php\/wp-json\/wp\/v2\/tags?post=103492"}],"curies":[{"name":"wp","href":"https:\/\/api.w.org\/{rel}","templated":true}]}}