{"id":103490,"date":"2023-06-22T13:00:07","date_gmt":"2023-06-22T16:00:07","guid":{"rendered":"https:\/\/www.actualidadadiario.com\/?p=103490"},"modified":"2023-06-22T13:00:07","modified_gmt":"2023-06-22T16:00:07","slug":"afip-extendio-el-plazo-para-que-los-contribuyentes-puedan-regularizar-deudas","status":"publish","type":"post","link":"https:\/\/www.actualidadadiario.com\/index.php\/2023\/06\/22\/afip-extendio-el-plazo-para-que-los-contribuyentes-puedan-regularizar-deudas\/","title":{"rendered":"AFIP extendi\u00f3 el plazo para que los contribuyentes puedan regularizar deudas"},"content":{"rendered":"<p style=\"text-align: center;\"><em><strong>La AFIP extendi\u00f3 hasta el 10 de julio pr\u00f3ximo el plazo para que los contribuyentes puedan inscribirse en el R\u00e9gimen de Regularizaci\u00f3n Tributaria, a trav\u00e9s del Bolet\u00edn oficial<\/strong><\/em><\/p>\n<p>&nbsp;<\/p>\n<p>&nbsp;<\/p>\n<p>La AFIP extendi\u00f3 hasta el 10 de julio pr\u00f3ximo el plazo para que los contribuyentes puedan inscribirse en el R\u00e9gimen de Regularizaci\u00f3n Tributaria, a trav\u00e9s del cual se puede solicitar la condonaci\u00f3n de las deudas fiscales y de la seguridad social vencidas hasta el 31 de octubre de 2022.<\/p>\n<p>La incorporaci\u00f3n a ese R\u00e9gimen estaba prevista, originalmente, hasta el 15 de junio, pero el ente recaudador formaliz\u00f3 su pr\u00f3rroga a trav\u00e9s de la Resoluci\u00f3n General 5376\/2023, publicada este jueves en el Bolet\u00edn Oficial.<\/p>\n<p>&#8220;En orden a facilitar y garantizar que aquellos contribuyentes que cumplan con las condiciones previstas accedan al r\u00e9gimen de regularizaci\u00f3n, se estima aconsejable extender hasta el 10 de julio de 2023, inclusive, el plazo para interponer la respectiva solicitud&#8221;, de acuerdo con el texto oficial.<\/p>\n<p>&nbsp;<\/p>\n<p><strong>C\u00f3mo acceder a beneficio para regularizar deudas<\/strong><\/p>\n<p>Se trata de un plan que incluye la posibilidad de solicitar la condonaci\u00f3n para obligaciones vencidas hasta el 31 de octubre del a\u00f1o pasado, sus intereses resarcitorios y\/o punitorios, multas y dem\u00e1s sanciones, incluidas aquellas que se encuentren en proceso de fiscalizaci\u00f3n, as\u00ed como a las deudas en discusi\u00f3n administrativa, contencioso-administrativa o judicial.<\/p>\n<p>El beneficio puede solicitarse por \u00fanica vez y la solicitud no podr\u00e1 ser rectificada cuando las obligaciones a condonar se encuentren validadas.<\/p>\n<p>A trav\u00e9s de otra Resoluci\u00f3n General -del 16 de mayo \u00faltimo- la AFIP hab\u00eda establecido los requisitos, el procedimiento, los plazos y las dem\u00e1s formalidades que deben observar el Estado Nacional, las provincias, la Ciudad Aut\u00f3noma de Buenos Aires y los municipios, incluidos los organismos p\u00fablicos, para acceder al R\u00e9gimen, que fue creado en la Ley de Presupuesto Nacional de este a\u00f1o.<\/p>\n<p>En esa norma, se dispuso que los contribuyentes puedan gestionar la incorporaci\u00f3n al r\u00e9gimen hasta el 15 de junio de 2023 (fecha extendida ahora hasta el 10 de julio) debiendo a tal efecto acreditar su calidad de sujetos alcanzados por el beneficio de condonaci\u00f3n y manifestar el compromiso de regularizaci\u00f3n de su situaci\u00f3n fiscal, as\u00ed como de desistimiento de los procesos judiciales en curso.<\/p>\n<p>&nbsp;<\/p>\n<p><strong>Cu\u00e1les son los requisitos<\/strong><\/p>\n<p>Para solicitar la adhesi\u00f3n al beneficio, los sujetos alcanzados deber\u00e1n poseer Domicilio Fiscal Electr\u00f3nico, haber presentado la totalidad de las declaraciones juradas determinativas e informativas vencidas hasta la fecha de solicitud del beneficio y tener la Clave \u00danica de Identificaci\u00f3n Tributaria (CUIT) activa sin limitaciones.<\/p>\n<p>Tambi\u00e9n tendr\u00e1n que tener actualizado el c\u00f3digo de la actividad desarrollada de acuerdo con el &#8220;Clasificador de Actividades Econ\u00f3micas (CLAE) &#8211; Formulario N\u00b0 883&#8221; y no registrar baja en impuestos por omisi\u00f3n en la presentaci\u00f3n de declaraciones juradas.<\/p>\n","protected":false},"excerpt":{"rendered":"<p>La AFIP extendi\u00f3 hasta el 10 de julio pr\u00f3ximo el plazo para que los contribuyentes puedan inscribirse en el R\u00e9gimen de Regularizaci\u00f3n Tributaria, a trav\u00e9s del Bolet\u00edn oficial &nbsp; &nbsp; La AFIP extendi\u00f3 hasta el 10 de julio pr\u00f3ximo el plazo para que los contribuyentes puedan inscribirse en el R\u00e9gimen de Regularizaci\u00f3n Tributaria, a trav\u00e9s del cual se puede solicitar la condonaci\u00f3n de las deudas fiscales y de la seguridad social vencidas hasta el 31 de octubre de 2022. La incorporaci\u00f3n a ese R\u00e9gimen estaba prevista, originalmente, hasta el 15&#8230;<\/p>\n","protected":false},"author":3,"featured_media":67132,"comment_status":"closed","ping_status":"closed","sticky":false,"template":"","format":"standard","meta":[],"categories":[2],"tags":[],"_links":{"self":[{"href":"https:\/\/www.actualidadadiario.com\/index.php\/wp-json\/wp\/v2\/posts\/103490"}],"collection":[{"href":"https:\/\/www.actualidadadiario.com\/index.php\/wp-json\/wp\/v2\/posts"}],"about":[{"href":"https:\/\/www.actualidadadiario.com\/index.php\/wp-json\/wp\/v2\/types\/post"}],"author":[{"embeddable":true,"href":"https:\/\/www.actualidadadiario.com\/index.php\/wp-json\/wp\/v2\/users\/3"}],"replies":[{"embeddable":true,"href":"https:\/\/www.actualidadadiario.com\/index.php\/wp-json\/wp\/v2\/comments?post=103490"}],"version-history":[{"count":1,"href":"https:\/\/www.actualidadadiario.com\/index.php\/wp-json\/wp\/v2\/posts\/103490\/revisions"}],"predecessor-version":[{"id":103491,"href":"https:\/\/www.actualidadadiario.com\/index.php\/wp-json\/wp\/v2\/posts\/103490\/revisions\/103491"}],"wp:featuredmedia":[{"embeddable":true,"href":"https:\/\/www.actualidadadiario.com\/index.php\/wp-json\/wp\/v2\/media\/67132"}],"wp:attachment":[{"href":"https:\/\/www.actualidadadiario.com\/index.php\/wp-json\/wp\/v2\/media?parent=103490"}],"wp:term":[{"taxonomy":"category","embeddable":true,"href":"https:\/\/www.actualidadadiario.com\/index.php\/wp-json\/wp\/v2\/categories?post=103490"},{"taxonomy":"post_tag","embeddable":true,"href":"https:\/\/www.actualidadadiario.com\/index.php\/wp-json\/wp\/v2\/tags?post=103490"}],"curies":[{"name":"wp","href":"https:\/\/api.w.org\/{rel}","templated":true}]}}