{"id":103484,"date":"2023-06-22T12:58:14","date_gmt":"2023-06-22T15:58:14","guid":{"rendered":"https:\/\/www.actualidadadiario.com\/?p=103484"},"modified":"2023-06-22T12:58:14","modified_gmt":"2023-06-22T15:58:14","slug":"expertos-en-bioetica-analizan-un-posible-caso-de-muerte-digna-en-la-ciudad-de-cordoba","status":"publish","type":"post","link":"https:\/\/www.actualidadadiario.com\/index.php\/2023\/06\/22\/expertos-en-bioetica-analizan-un-posible-caso-de-muerte-digna-en-la-ciudad-de-cordoba\/","title":{"rendered":"Expertos en bio\u00e9tica analizan un posible caso de muerte digna en la ciudad de C\u00f3rdoba"},"content":{"rendered":"<p style=\"text-align: center;\"><em><strong>Se trata de un paciente de 64 a\u00f1os que sufri\u00f3 un traumatismo de cr\u00e1neo en medio de un hecho delictivo y se encuentra en estado vegetativo. Est\u00e1 internado desde el 12 de marzo \u00faltimo<\/strong><\/em><\/p>\n<p>&nbsp;<\/p>\n<p>&nbsp;<\/p>\n<p>Un grupo de expertos en bio\u00e9tica analizan por estas horas un posible caso de muerte digna en la ciudad de C\u00f3rdoba: el de un paciente de 64 a\u00f1os que sufri\u00f3 un traumatismo grave de cr\u00e1neo en medio de un hecho delictivo y permanece en estado vegetativo.<\/p>\n<p>La familia del paciente que est\u00e1 internado en el Hospital de Urgencias desde el 12 de marzo pasado pide que se aplique lo que est\u00e1 vigente sobre muerte digna y dicen adem\u00e1s tener el consentimiento informado verbalmente.<\/p>\n<p>&#8220;Parecer\u00eda, en lo que informa el equipo m\u00e9dico, que no estar\u00edan dadas las condiciones previstas en la ley de que debe ser de 12 meses para que ese estado vegetativo permanente pueda ser considerado como suficiente para retirarle los soportes vitales&#8221;, explic\u00f3 Armando Andruet, miembro del Comit\u00e9 de Bio\u00e9tica.<\/p>\n<p>Y continu\u00f3: &#8220;Naturalmente que eso el equipo de bio\u00e9tica del hospital no lo comparte con otras razones que en su juicio tambi\u00e9n son suficientes y ese es el dilema sobre el cual el Comit\u00e9 de Muerte Digna estamos evaluando en las conversaciones de hoy con los elementos que ten\u00edamos&#8221;.<\/p>\n<p>En declaraciones a Cadena 3, Andruet, sostuvo &#8220;no hemos tenido esa historia cl\u00ednica, motivo por el cual nos vemos un poco demorados m\u00e1s all\u00e1 del esfuerzo que hemos colocado&#8221; y concluy\u00f3 que el tema se resolver\u00e1 este jueves &#8220;o eventualmente el d\u00eda viernes&#8221;.<\/p>\n<p>El \u201ccomit\u00e9 ad hoc\u201d est\u00e1 previsto en la reglamentaci\u00f3n de la ley 10.058 de \u201cDeclaraci\u00f3n de voluntad anticipada\u201d y en la norma 10.421 (que modifica la anterior), ambas sancionadas en la provincia de C\u00f3rdoba en 2012 y en 2016 respectivamente.<\/p>\n<p>Seg\u00fan se inform\u00f3, la ley establece que una persona puede decidir si quiere ser intervenido, si la medicina busca prolongarle de manera artificial la vida, y en este caso, el hombre lo hab\u00eda manifestado verbalmente y toda la familia firm\u00f3 a favor de respetar su voluntad.<\/p>\n<p>Una de las hijas del paciente relat\u00f3 al portal La Voz que la familia hab\u00eda acordado retirarle el soporte vital el s\u00e1bado 10 de junio, pero cuatro d\u00edas despu\u00e9s, el equipo m\u00e9dico &#8220;por decisi\u00f3n unilateral&#8221; decidi\u00f3 volverle a suministrar la hidrataci\u00f3n y la alimentaci\u00f3n.<\/p>\n","protected":false},"excerpt":{"rendered":"<p>Se trata de un paciente de 64 a\u00f1os que sufri\u00f3 un traumatismo de cr\u00e1neo en medio de un hecho delictivo y se encuentra en estado vegetativo. Est\u00e1 internado desde el 12 de marzo \u00faltimo &nbsp; &nbsp; Un grupo de expertos en bio\u00e9tica analizan por estas horas un posible caso de muerte digna en la ciudad de C\u00f3rdoba: el de un paciente de 64 a\u00f1os que sufri\u00f3 un traumatismo grave de cr\u00e1neo en medio de un hecho delictivo y permanece en estado vegetativo. La familia del paciente que est\u00e1 internado en&#8230;<\/p>\n","protected":false},"author":3,"featured_media":103485,"comment_status":"closed","ping_status":"closed","sticky":false,"template":"","format":"standard","meta":[],"categories":[2],"tags":[],"_links":{"self":[{"href":"https:\/\/www.actualidadadiario.com\/index.php\/wp-json\/wp\/v2\/posts\/103484"}],"collection":[{"href":"https:\/\/www.actualidadadiario.com\/index.php\/wp-json\/wp\/v2\/posts"}],"about":[{"href":"https:\/\/www.actualidadadiario.com\/index.php\/wp-json\/wp\/v2\/types\/post"}],"author":[{"embeddable":true,"href":"https:\/\/www.actualidadadiario.com\/index.php\/wp-json\/wp\/v2\/users\/3"}],"replies":[{"embeddable":true,"href":"https:\/\/www.actualidadadiario.com\/index.php\/wp-json\/wp\/v2\/comments?post=103484"}],"version-history":[{"count":1,"href":"https:\/\/www.actualidadadiario.com\/index.php\/wp-json\/wp\/v2\/posts\/103484\/revisions"}],"predecessor-version":[{"id":103486,"href":"https:\/\/www.actualidadadiario.com\/index.php\/wp-json\/wp\/v2\/posts\/103484\/revisions\/103486"}],"wp:featuredmedia":[{"embeddable":true,"href":"https:\/\/www.actualidadadiario.com\/index.php\/wp-json\/wp\/v2\/media\/103485"}],"wp:attachment":[{"href":"https:\/\/www.actualidadadiario.com\/index.php\/wp-json\/wp\/v2\/media?parent=103484"}],"wp:term":[{"taxonomy":"category","embeddable":true,"href":"https:\/\/www.actualidadadiario.com\/index.php\/wp-json\/wp\/v2\/categories?post=103484"},{"taxonomy":"post_tag","embeddable":true,"href":"https:\/\/www.actualidadadiario.com\/index.php\/wp-json\/wp\/v2\/tags?post=103484"}],"curies":[{"name":"wp","href":"https:\/\/api.w.org\/{rel}","templated":true}]}}