{"id":103479,"date":"2023-06-22T12:56:20","date_gmt":"2023-06-22T15:56:20","guid":{"rendered":"https:\/\/www.actualidadadiario.com\/?p=103479"},"modified":"2023-06-22T12:56:20","modified_gmt":"2023-06-22T15:56:20","slug":"paro-de-colectivos-la-uta-realiza-la-medida-de-fuerza-por-48-horas-en-el-interior-del-pais","status":"publish","type":"post","link":"https:\/\/www.actualidadadiario.com\/index.php\/2023\/06\/22\/paro-de-colectivos-la-uta-realiza-la-medida-de-fuerza-por-48-horas-en-el-interior-del-pais\/","title":{"rendered":"Paro de colectivos: la UTA realiza la medida de fuerza por 48 horas en el interior del pa\u00eds"},"content":{"rendered":"<p style=\"text-align: center;\"><em><strong>La medida de fuerza es una respuesta al &#8220;fracaso de la negociaci\u00f3n con los empresarios del transporte y la Naci\u00f3n&#8221; y se mantendr\u00eda en principio hasta ma\u00f1ana. Este jueves el gremio se reunir\u00e1 a las 15 en el Ministerio de Trabajo<\/strong><\/em><\/p>\n<p>&nbsp;<\/p>\n<p>&nbsp;<\/p>\n<p>La Uni\u00f3n Tranviarios Automotor (UTA) convoc\u00f3 a un nuevo paro de colectivos por 48 horas en el interior del pa\u00eds que inici\u00f3 desde la medianoche de este jueves en respuesta al &#8220;fracaso de la negociaci\u00f3n con los empresarios del transporte y la Naci\u00f3n&#8221;.<\/p>\n<p>Adem\u00e1s, este jueves a las 15\u00a0 habr\u00e1 una nueva reuni\u00f3n en el Ministerio de Trabajo &#8220;en la b\u00fasqueda de la soluci\u00f3n salarial que se niega a las trabajadoras y trabajadores representados&#8221;.<\/p>\n<p>Desde el gremio se\u00f1alaron que &#8220;s\u00f3lo se garantizar\u00e1 la regularidad de los servicios en aquellas jurisdicciones que reconozcan el aumento salarial, en las mismas condiciones que las resueltas para el personal de conducci\u00f3n del \u00c1rea Metropolitana de Buenos Aires&#8221;, aclar\u00f3 la UTA en el comunicado difundido este mi\u00e9rcoles.<\/p>\n<p>&#8220;Exhortamos a los responsables del transporte, las empresas, las provincias y el estado nacional que se hagan cargo del perjuicio que la negativa a acordar salarios en el interior del pa\u00eds generar\u00e1 hacia los usuarios de nuestros servicios y a la paz social&#8221;, concluy\u00f3 la UTA en su comunicado.<\/p>\n","protected":false},"excerpt":{"rendered":"<p>La medida de fuerza es una respuesta al &#8220;fracaso de la negociaci\u00f3n con los empresarios del transporte y la Naci\u00f3n&#8221; y se mantendr\u00eda en principio hasta ma\u00f1ana. Este jueves el gremio se reunir\u00e1 a las 15 en el Ministerio de Trabajo &nbsp; &nbsp; La Uni\u00f3n Tranviarios Automotor (UTA) convoc\u00f3 a un nuevo paro de colectivos por 48 horas en el interior del pa\u00eds que inici\u00f3 desde la medianoche de este jueves en respuesta al &#8220;fracaso de la negociaci\u00f3n con los empresarios del transporte y la Naci\u00f3n&#8221;. Adem\u00e1s, este jueves a&#8230;<\/p>\n","protected":false},"author":3,"featured_media":102292,"comment_status":"closed","ping_status":"closed","sticky":false,"template":"","format":"standard","meta":[],"categories":[2],"tags":[],"_links":{"self":[{"href":"https:\/\/www.actualidadadiario.com\/index.php\/wp-json\/wp\/v2\/posts\/103479"}],"collection":[{"href":"https:\/\/www.actualidadadiario.com\/index.php\/wp-json\/wp\/v2\/posts"}],"about":[{"href":"https:\/\/www.actualidadadiario.com\/index.php\/wp-json\/wp\/v2\/types\/post"}],"author":[{"embeddable":true,"href":"https:\/\/www.actualidadadiario.com\/index.php\/wp-json\/wp\/v2\/users\/3"}],"replies":[{"embeddable":true,"href":"https:\/\/www.actualidadadiario.com\/index.php\/wp-json\/wp\/v2\/comments?post=103479"}],"version-history":[{"count":1,"href":"https:\/\/www.actualidadadiario.com\/index.php\/wp-json\/wp\/v2\/posts\/103479\/revisions"}],"predecessor-version":[{"id":103480,"href":"https:\/\/www.actualidadadiario.com\/index.php\/wp-json\/wp\/v2\/posts\/103479\/revisions\/103480"}],"wp:featuredmedia":[{"embeddable":true,"href":"https:\/\/www.actualidadadiario.com\/index.php\/wp-json\/wp\/v2\/media\/102292"}],"wp:attachment":[{"href":"https:\/\/www.actualidadadiario.com\/index.php\/wp-json\/wp\/v2\/media?parent=103479"}],"wp:term":[{"taxonomy":"category","embeddable":true,"href":"https:\/\/www.actualidadadiario.com\/index.php\/wp-json\/wp\/v2\/categories?post=103479"},{"taxonomy":"post_tag","embeddable":true,"href":"https:\/\/www.actualidadadiario.com\/index.php\/wp-json\/wp\/v2\/tags?post=103479"}],"curies":[{"name":"wp","href":"https:\/\/api.w.org\/{rel}","templated":true}]}}