{"id":103477,"date":"2023-06-22T12:55:25","date_gmt":"2023-06-22T15:55:25","guid":{"rendered":"https:\/\/www.actualidadadiario.com\/?p=103477"},"modified":"2023-06-22T12:55:25","modified_gmt":"2023-06-22T15:55:25","slug":"semana-corta-y-cuenta-regresiva-para-vacaciones-de-invierno","status":"publish","type":"post","link":"https:\/\/www.actualidadadiario.com\/index.php\/2023\/06\/22\/semana-corta-y-cuenta-regresiva-para-vacaciones-de-invierno\/","title":{"rendered":"Semana \u201ccorta\u201d y cuenta regresiva para vacaciones de invierno"},"content":{"rendered":"<p style=\"text-align: center;\"><em><strong>Para tener otro fin de semana largo de tres d\u00edas hay que esperar dos meses y habr\u00e1 un XXL en octubre. Previo a esto llegar\u00e1 el receso de invierno. Cu\u00e1ndo empiezan y terminan las vacaciones de julio en cada provincia<\/strong><\/em><\/p>\n<p>&nbsp;<\/p>\n<p>&nbsp;<\/p>\n<p>Culmin\u00f3 el fin de semana extra largo de junio que se extendi\u00f3 desde el s\u00e1bado hasta el martes. Para el pr\u00f3ximo feriado faltan apenas 18 d\u00edas: sin embargo, el 9 de Julio cae domingo y no es trasladable. Por ello, para la mayor\u00eda no sumar\u00e1 un d\u00eda de descanso extra.<\/p>\n<p>As\u00ed, para tener un fin de semana extendido habr\u00e1 que esperar dos meses: ser\u00e1 del 19 al 21 de agosto, dado que es un feriado trasladable y la conmemoraci\u00f3n del 17 por el Paso a la Inmortalidad del Gral. Jos\u00e9 de San Mart\u00edn que se corre al lunes siguiente.<\/p>\n<p>Sin embargo, tras esta semana que es \u201ccorta\u201d desde lo laboral y que incluso prev\u00e9 un paro docente para ma\u00f1ana, faltar\u00e1n pocas jornadas para el receso invernal<\/p>\n<p>Durante el presente ciclo lectivo est\u00e1 previsto que haya 191 d\u00edas de clases. Finalizar\u00e1 el viernes 22 de diciembre para los tres niveles de la educaci\u00f3n obligatoria (inicial, primaria y secundaria), sus modalidades y \u00e1reas. Seg\u00fan el cronograma establecido por el Consejo General de Educaci\u00f3n, en Entre R\u00edos el receso de invierno ser\u00e1 del 10 al 21 de julio para todos los niveles.<\/p>\n<p>Asimismo, todav\u00eda restan desarrollarse dos \u201cjornadas institucionales\u201d en las semanas del 22 al 25 de agosto y del 6 al 10 de noviembre, siempre con un d\u00eda a elecci\u00f3n de cada instituci\u00f3n.<\/p>\n<p>&nbsp;<\/p>\n<p><strong>Vacaciones de invierno del 10 al 21 de julio<\/strong><\/p>\n<p>Las siguientes provincias hacen el receso invernal durante este per\u00edodo. (El feriado del 9 de julio cae el domingo previo).<\/p>\n<ul>\n<li>Catamarca<\/li>\n<li>C\u00f3rdoba<\/li>\n<li>Corrientes<\/li>\n<li>Entre R\u00edos<\/li>\n<li>Formosa<\/li>\n<li>La Pampa<\/li>\n<li>La Rioja<\/li>\n<li>Mendoza<\/li>\n<li>Neuqu\u00e9n<\/li>\n<li>R\u00edo Negro<\/li>\n<li>Salta<\/li>\n<li>San Juan<\/li>\n<li>San Luis<\/li>\n<li>Tucum\u00e1n<\/li>\n<\/ul>\n<p>&nbsp;<\/p>\n<p><strong>Vacaciones de Invierno del 17 al 28 de julio<\/strong><\/p>\n<p>Las siguientes provincias hacen el receso invernal durante este per\u00edodo:<\/p>\n<ul>\n<li>Ciudad Aut\u00f3noma de Buenos Aires<\/li>\n<li>Provincia de Buenos Aires<\/li>\n<li>Chaco<\/li>\n<li>Chubut<\/li>\n<li>Jujuy<\/li>\n<li>Santa Cruz<\/li>\n<li>Santa Fe<\/li>\n<li>Santiago del Estero<\/li>\n<li>Tierra del Fuego<\/li>\n<\/ul>\n<p>&nbsp;<\/p>\n<p><strong>Los feriados que quedan en Argentina durante 2023<\/strong><\/p>\n<p><strong>Julio<\/strong><\/p>\n<ul>\n<li>9. (domingo). D\u00eda de la Independencia. Feriado inamovible.<\/li>\n<\/ul>\n<p>&nbsp;<\/p>\n<p><strong>Agosto<\/strong><\/p>\n<ul>\n<li>21 (lunes). Paso a la Inmortalidad del Gral. Jos\u00e9 de San Mart\u00edn que se corre del 17\/8. Feriado trasladable.<\/li>\n<\/ul>\n<p>&nbsp;<\/p>\n<p><strong>Octubre<\/strong><\/p>\n<ul>\n<li>13 (viernes) Feriado con fines tur\u00edsticos.<\/li>\n<li>16 (lunes). D\u00eda del Respeto a la Diversidad Cultural que se pasa del 12\/10. Feriado trasladable.<\/li>\n<\/ul>\n<p>&nbsp;<\/p>\n<p><strong>Noviembre<\/strong><\/p>\n<ul>\n<li>20 (lunes) D\u00eda de la Soberan\u00eda Nacional. (Feriado trasladable)<\/li>\n<\/ul>\n<p>&nbsp;<\/p>\n<p><strong>Diciembre<\/strong><\/p>\n<ul>\n<li>8 (viernes) Inmaculada Concepci\u00f3n de Mar\u00eda. Feriado inamovible.<\/li>\n<li>25 (lunes) Navidad. Feriado inamovible.<\/li>\n<\/ul>\n<p>&nbsp;<\/p>\n<p><strong>El fin de semana extra largo que queda por delante<\/strong><\/p>\n<p>-Del viernes 13 de octubre al 16 de octubre.<\/p>\n","protected":false},"excerpt":{"rendered":"<p>Para tener otro fin de semana largo de tres d\u00edas hay que esperar dos meses y habr\u00e1 un XXL en octubre. Previo a esto llegar\u00e1 el receso de invierno. Cu\u00e1ndo empiezan y terminan las vacaciones de julio en cada provincia &nbsp; &nbsp; Culmin\u00f3 el fin de semana extra largo de junio que se extendi\u00f3 desde el s\u00e1bado hasta el martes. Para el pr\u00f3ximo feriado faltan apenas 18 d\u00edas: sin embargo, el 9 de Julio cae domingo y no es trasladable. Por ello, para la mayor\u00eda no sumar\u00e1 un d\u00eda de&#8230;<\/p>\n","protected":false},"author":3,"featured_media":75474,"comment_status":"closed","ping_status":"closed","sticky":false,"template":"","format":"standard","meta":[],"categories":[9],"tags":[],"_links":{"self":[{"href":"https:\/\/www.actualidadadiario.com\/index.php\/wp-json\/wp\/v2\/posts\/103477"}],"collection":[{"href":"https:\/\/www.actualidadadiario.com\/index.php\/wp-json\/wp\/v2\/posts"}],"about":[{"href":"https:\/\/www.actualidadadiario.com\/index.php\/wp-json\/wp\/v2\/types\/post"}],"author":[{"embeddable":true,"href":"https:\/\/www.actualidadadiario.com\/index.php\/wp-json\/wp\/v2\/users\/3"}],"replies":[{"embeddable":true,"href":"https:\/\/www.actualidadadiario.com\/index.php\/wp-json\/wp\/v2\/comments?post=103477"}],"version-history":[{"count":1,"href":"https:\/\/www.actualidadadiario.com\/index.php\/wp-json\/wp\/v2\/posts\/103477\/revisions"}],"predecessor-version":[{"id":103478,"href":"https:\/\/www.actualidadadiario.com\/index.php\/wp-json\/wp\/v2\/posts\/103477\/revisions\/103478"}],"wp:featuredmedia":[{"embeddable":true,"href":"https:\/\/www.actualidadadiario.com\/index.php\/wp-json\/wp\/v2\/media\/75474"}],"wp:attachment":[{"href":"https:\/\/www.actualidadadiario.com\/index.php\/wp-json\/wp\/v2\/media?parent=103477"}],"wp:term":[{"taxonomy":"category","embeddable":true,"href":"https:\/\/www.actualidadadiario.com\/index.php\/wp-json\/wp\/v2\/categories?post=103477"},{"taxonomy":"post_tag","embeddable":true,"href":"https:\/\/www.actualidadadiario.com\/index.php\/wp-json\/wp\/v2\/tags?post=103477"}],"curies":[{"name":"wp","href":"https:\/\/api.w.org\/{rel}","templated":true}]}}