{"id":103471,"date":"2023-06-21T13:18:22","date_gmt":"2023-06-21T16:18:22","guid":{"rendered":"https:\/\/www.actualidadadiario.com\/?p=103471"},"modified":"2023-06-21T13:18:22","modified_gmt":"2023-06-21T16:18:22","slug":"francisco-recibio-a-lula-en-el-vaticano-con-ucrania-en-la-agenda","status":"publish","type":"post","link":"https:\/\/www.actualidadadiario.com\/index.php\/2023\/06\/21\/francisco-recibio-a-lula-en-el-vaticano-con-ucrania-en-la-agenda\/","title":{"rendered":"Francisco recibi\u00f3 a Lula en el Vaticano con Ucrania en la agenda"},"content":{"rendered":"<p style=\"text-align: center;\"><em><strong>El papa Francisco se reuni\u00f3 en el Vaticano con el presidente de Brasil, Luiz In\u00e1cio Lula da Silva, en un encuentro que tuvo a la guerra en Ucrania y una campa\u00f1a global contra el hambre como temas centrales<\/strong><\/em><\/p>\n<p>&nbsp;<\/p>\n<p>&nbsp;<\/p>\n<p>El papa Francisco recib\u00eda este mi\u00e9rcoles en el Vaticano al presidente de Brasil, Luiz In\u00e1cio Lula da Silva, en una reuni\u00f3n que tiene a la guerra en Ucrania como uno de los temas centrales de la agenda, seg\u00fan adelant\u00f3 el mandatario.<\/p>\n<p>Francisco y Lula iniciaron una reuni\u00f3n bilateral a las 14.30 locales (9.30 en la Argentina) en la denominada &#8220;Auletta&#8221; del Aula Pablo VI, un gran complejo de salas del Vaticano a pocos metros de la residencia papal de Casa Santa Marta, precisaron fuentes vaticanas.<\/p>\n<p>Seg\u00fan adelant\u00f3 Lula en la previa, entre los temas del encuentro estar\u00e1n &#8220;Ucrania y una gran campa\u00f1a global contra el hambre en el mundo&#8221;.<\/p>\n<p>&#8220;Francisco est\u00e1 muy interesado en poner fin a la guerra que involucra a Ucrania y Rusia, y quiero discutirlo con \u00e9l&#8221;, adelant\u00f3 Lula en esa direcci\u00f3n.<\/p>\n<p>&nbsp;<\/p>\n<p><strong>Lula y su propuesta para la paz <\/strong><\/p>\n<p>En una entrevista publicada por el diario Corriere, Lula detall\u00f3 su plan de paz para la guerra y asegur\u00f3 que mand\u00f3 &#8220;un enviado especial, Celso Amorim, a Mosc\u00fa y Kiev&#8221;, aunque lament\u00f3 que &#8220;ambos pa\u00edses creen que pueden ganar militarmente&#8221;.<\/p>\n<p>&#8220;Creo que hay muy poca gente que habla de paz. Mi angustia es que, con tanta gente pasando hambre en el mundo, estamos hablando de guerra. Es urgente que Rusia y Ucrania encuentren un camino com\u00fan hacia la paz&#8221;, plante\u00f3 el mandatario.<\/p>\n<p>La agenda del mandatario brasile\u00f1o se inici\u00f3 el martes con una reuni\u00f3n con el intelectual Domenico de Masi y continu\u00f3 este mi\u00e9rcoles a primera hora con un encuentro con la secretaria general del Partido Democr\u00e1tico, Elly Schlein y luego con el presidente Sergio Mattarella.<\/p>\n<p>&#8220;Le agradezco la defensa de la democracia y del Parlamento&#8221;, le dijo Mattarella al recibirlo, en referencia al intento de golpe de Estado de inicios de a\u00f1o sufrido por Brasil.<\/p>\n<p>Seg\u00fan dijo Lula en redes sociales, durante la reuni\u00f3n tambi\u00e9n trataron temas de la relaci\u00f3n bilateral y el acuerdo entre Mercosur y Uni\u00f3n Europea.<\/p>\n<p>&nbsp;<\/p>\n<p><strong>La agenda en Roma y el Vaticano <\/strong><\/p>\n<p>La reuni\u00f3n del Papa con el mandatario brasile\u00f1o ser\u00e1 la primera que mantienen con Lula como presidente, luego del encuentro que tuvieron en Casa Santa Marta en febrero de 2020.<\/p>\n<p>Antes, mientras el actual presidente se encontraba en prisi\u00f3n debido a unos juicios por corrupci\u00f3n luego anulados por la Justicia, el Papa le envi\u00f3 un rosario bendecido a trav\u00e9s del dirigente argentino Juan Grabois.<\/p>\n<p>Dentro del Vaticano, tras ver al Papa, Lula y su delegaci\u00f3n se reunir\u00e1n con el sustituto de la Secretar\u00eda de Estado vaticana, monse\u00f1or Edgar Pe\u00f1a Parra.<\/p>\n<p>En Roma, Lula se reunir\u00e1 adem\u00e1s con la premier Giorgia Meloni a las 17 hora local y luego con el intendente de la denominada &#8220;ciudad eterna&#8221;, Roberto Gualtieri, quien lo hab\u00eda visitado en prisi\u00f3n en 2018.<\/p>\n<p>&nbsp;<\/p>\n<p><strong>Una visita al Cono Sur<\/strong><\/p>\n<p>Otro de los temas que abordar\u00edan Francisco y Lula ser\u00e1 la posible visita del pont\u00edfice a Brasil, el pa\u00eds con m\u00e1s cat\u00f3licos del mundo, dentro de una gira que en 2024 podr\u00eda incluir tambi\u00e9n a la Argentina y Uruguay.<\/p>\n<p>Francisco fue a R\u00edo de Janeiro en 2013 a participar de la Jornada Mundial de la Juventud.<\/p>\n","protected":false},"excerpt":{"rendered":"<p>El papa Francisco se reuni\u00f3 en el Vaticano con el presidente de Brasil, Luiz In\u00e1cio Lula da Silva, en un encuentro que tuvo a la guerra en Ucrania y una campa\u00f1a global contra el hambre como temas centrales &nbsp; &nbsp; El papa Francisco recib\u00eda este mi\u00e9rcoles en el Vaticano al presidente de Brasil, Luiz In\u00e1cio Lula da Silva, en una reuni\u00f3n que tiene a la guerra en Ucrania como uno de los temas centrales de la agenda, seg\u00fan adelant\u00f3 el mandatario. Francisco y Lula iniciaron una reuni\u00f3n bilateral a las&#8230;<\/p>\n","protected":false},"author":3,"featured_media":103472,"comment_status":"closed","ping_status":"closed","sticky":false,"template":"","format":"standard","meta":[],"categories":[4],"tags":[],"_links":{"self":[{"href":"https:\/\/www.actualidadadiario.com\/index.php\/wp-json\/wp\/v2\/posts\/103471"}],"collection":[{"href":"https:\/\/www.actualidadadiario.com\/index.php\/wp-json\/wp\/v2\/posts"}],"about":[{"href":"https:\/\/www.actualidadadiario.com\/index.php\/wp-json\/wp\/v2\/types\/post"}],"author":[{"embeddable":true,"href":"https:\/\/www.actualidadadiario.com\/index.php\/wp-json\/wp\/v2\/users\/3"}],"replies":[{"embeddable":true,"href":"https:\/\/www.actualidadadiario.com\/index.php\/wp-json\/wp\/v2\/comments?post=103471"}],"version-history":[{"count":1,"href":"https:\/\/www.actualidadadiario.com\/index.php\/wp-json\/wp\/v2\/posts\/103471\/revisions"}],"predecessor-version":[{"id":103473,"href":"https:\/\/www.actualidadadiario.com\/index.php\/wp-json\/wp\/v2\/posts\/103471\/revisions\/103473"}],"wp:featuredmedia":[{"embeddable":true,"href":"https:\/\/www.actualidadadiario.com\/index.php\/wp-json\/wp\/v2\/media\/103472"}],"wp:attachment":[{"href":"https:\/\/www.actualidadadiario.com\/index.php\/wp-json\/wp\/v2\/media?parent=103471"}],"wp:term":[{"taxonomy":"category","embeddable":true,"href":"https:\/\/www.actualidadadiario.com\/index.php\/wp-json\/wp\/v2\/categories?post=103471"},{"taxonomy":"post_tag","embeddable":true,"href":"https:\/\/www.actualidadadiario.com\/index.php\/wp-json\/wp\/v2\/tags?post=103471"}],"curies":[{"name":"wp","href":"https:\/\/api.w.org\/{rel}","templated":true}]}}