{"id":103462,"date":"2023-06-22T13:12:28","date_gmt":"2023-06-22T16:12:28","guid":{"rendered":"https:\/\/www.actualidadadiario.com\/?p=103462"},"modified":"2023-06-22T13:21:34","modified_gmt":"2023-06-22T16:21:34","slug":"elecciones-2023-que-se-vota-este-domingo-en-formosa","status":"publish","type":"post","link":"https:\/\/www.actualidadadiario.com\/index.php\/2023\/06\/22\/elecciones-2023-que-se-vota-este-domingo-en-formosa\/","title":{"rendered":"Elecciones 2023: qu\u00e9 se vota este domingo en Formosa"},"content":{"rendered":"<p style=\"text-align: center;\"><em><strong>En junio se llevar\u00e1n a cabo distintas elecciones para elegir gobernadores en seis provincias. Enterate c\u00f3mo consultar tus datos m\u00e1s importantes para ir a votar<\/strong><\/em><\/p>\n<p>&nbsp;<\/p>\n<p>&nbsp;<\/p>\n<p>Formosa ir\u00e1 este domingo a las urnas en sus elecciones desdobladas de la fecha nacional, un fen\u00f3meno que se repite en 18 provincias de todo el pa\u00eds. \u00bfQu\u00e9 cargos se votar\u00e1n?<\/p>\n<p>En abril de este a\u00f1o, el gobernador Gildo Insfr\u00e1n confirm\u00f3 oficialmente el desdoblamiento: el mandatario efectu\u00f3 este llamado a las urnas por medio del decreto 90, en cuyo articulado se invita a todas las municipalidades y Comisiones de Fomento &#8220;a adoptar igual medida para la elecci\u00f3n de intendentes y presidentes&#8221;.<\/p>\n<p>En los fundamentos de la norma se consigna que &#8220;el sistema electoral para la adjudicaci\u00f3n de los cargos mencionados&#8221; es el consagrado por la Ley N\u00b0 653 de Lemas, y se recuerda que &#8220;el art\u00edculo 132 de la Constituci\u00f3n provincial establece que el gobernador y el vicegobernador durar\u00e1n cuatro a\u00f1os en el ejercicio de sus funciones&#8221;.<\/p>\n<p>&nbsp;<\/p>\n<p><strong>Qu\u00e9 se vota en Formosa<\/strong><\/p>\n<p>El pr\u00f3ximo domingo, los votantes formose\u00f1os definir\u00e1n las elecciones en las categor\u00edas de gobernador y su vice, 15 bancas de la legislatura provincial (la mitad del recinto), intendentes y concejales.<\/p>\n<p>En los pr\u00f3ximos comicios, el gobernador Gildo Insfr\u00e1n buscar\u00e1 quedarse con su octava elecci\u00f3n consecutiva, tal como lo permite la Constituci\u00f3n provincial que no establece l\u00edmites a la cantidad de reelecciones. Ante ello los dos principales candidatos de la oposici\u00f3n, el productor agropecuario Francisco Paoltroni y el diputado radical Fernando Carbajal, realizaron peticiones ante la Corte para suspender los comicios. Carbajal, ex juez federal, plante\u00f3 &#8220;la inconstitucionalidad del art\u00edculo 132 de la Cata Magna provincial&#8221;.<\/p>\n<p>&nbsp;<\/p>\n<p><strong>Elecciones en Formosa: qu\u00e9 pasa si no voto<\/strong><\/p>\n<p>Seg\u00fan el C\u00f3digo Electoral de la provincia, \u201cson electores para todas las elecciones primarias y generales a nivel provincial, municipal y de convencionales constituyentes, quienes lo sean del registro nacional de las personas de ambos sexos, nativos desde los 16 a\u00f1os y naturalizados desde los 18 a\u00f1os.\u201d<\/p>\n<p>Sin embargo, hay una lista de votantes exceptuados para las elecciones formose\u00f1as de este domingo: mayores de 70 a\u00f1os, jueces, auxiliares y funcionarios p\u00fablicos, quienes se encuentren a m\u00e1s de 500 kil\u00f3metros de su mesa de votaci\u00f3n y aquellos enfermos o imposibilitados f\u00edsicamente.<\/p>\n<p>Quienes no efect\u00faen el voto en Formosa quedar\u00e1n registrados como infractores. En este sentido, no podr\u00e1n hacer tr\u00e1mites durante un a\u00f1o, como obtener el pasaporte, y tampoco podr\u00e1n ser designados para desempe\u00f1ar funciones o empleos p\u00fablicos durante tres a\u00f1os a partir de la elecci\u00f3n.<\/p>\n","protected":false},"excerpt":{"rendered":"<p>En junio se llevar\u00e1n a cabo distintas elecciones para elegir gobernadores en seis provincias. Enterate c\u00f3mo consultar tus datos m\u00e1s importantes para ir a votar &nbsp; &nbsp; Formosa ir\u00e1 este domingo a las urnas en sus elecciones desdobladas de la fecha nacional, un fen\u00f3meno que se repite en 18 provincias de todo el pa\u00eds. \u00bfQu\u00e9 cargos se votar\u00e1n? En abril de este a\u00f1o, el gobernador Gildo Insfr\u00e1n confirm\u00f3 oficialmente el desdoblamiento: el mandatario efectu\u00f3 este llamado a las urnas por medio del decreto 90, en cuyo articulado se invita a&#8230;<\/p>\n","protected":false},"author":3,"featured_media":92253,"comment_status":"closed","ping_status":"closed","sticky":false,"template":"","format":"standard","meta":[],"categories":[18],"tags":[],"_links":{"self":[{"href":"https:\/\/www.actualidadadiario.com\/index.php\/wp-json\/wp\/v2\/posts\/103462"}],"collection":[{"href":"https:\/\/www.actualidadadiario.com\/index.php\/wp-json\/wp\/v2\/posts"}],"about":[{"href":"https:\/\/www.actualidadadiario.com\/index.php\/wp-json\/wp\/v2\/types\/post"}],"author":[{"embeddable":true,"href":"https:\/\/www.actualidadadiario.com\/index.php\/wp-json\/wp\/v2\/users\/3"}],"replies":[{"embeddable":true,"href":"https:\/\/www.actualidadadiario.com\/index.php\/wp-json\/wp\/v2\/comments?post=103462"}],"version-history":[{"count":1,"href":"https:\/\/www.actualidadadiario.com\/index.php\/wp-json\/wp\/v2\/posts\/103462\/revisions"}],"predecessor-version":[{"id":103463,"href":"https:\/\/www.actualidadadiario.com\/index.php\/wp-json\/wp\/v2\/posts\/103462\/revisions\/103463"}],"wp:featuredmedia":[{"embeddable":true,"href":"https:\/\/www.actualidadadiario.com\/index.php\/wp-json\/wp\/v2\/media\/92253"}],"wp:attachment":[{"href":"https:\/\/www.actualidadadiario.com\/index.php\/wp-json\/wp\/v2\/media?parent=103462"}],"wp:term":[{"taxonomy":"category","embeddable":true,"href":"https:\/\/www.actualidadadiario.com\/index.php\/wp-json\/wp\/v2\/categories?post=103462"},{"taxonomy":"post_tag","embeddable":true,"href":"https:\/\/www.actualidadadiario.com\/index.php\/wp-json\/wp\/v2\/tags?post=103462"}],"curies":[{"name":"wp","href":"https:\/\/api.w.org\/{rel}","templated":true}]}}