{"id":103460,"date":"2023-06-21T13:08:24","date_gmt":"2023-06-21T16:08:24","guid":{"rendered":"https:\/\/www.actualidadadiario.com\/?p=103460"},"modified":"2023-06-21T13:08:24","modified_gmt":"2023-06-21T16:08:24","slug":"morales-insiste-en-acusar-al-gobierno-nacional-de-financiar-a-manifestantes-en-jujuy","status":"publish","type":"post","link":"https:\/\/www.actualidadadiario.com\/index.php\/2023\/06\/21\/morales-insiste-en-acusar-al-gobierno-nacional-de-financiar-a-manifestantes-en-jujuy\/","title":{"rendered":"Morales insiste en acusar al gobierno nacional de \u201cfinanciar\u201d a manifestantes en Jujuy"},"content":{"rendered":"<p style=\"text-align: center;\"><em><strong>El gobernador de la provincia de Jujuy, Gerardo Morales, volvi\u00f3 a apuntar hoy contra el presidente Alberto Fern\u00e1ndez y la vicepresidenta Cristina Kirchner, a quienes acus\u00f3 de \u201cfinanciar\u201d a los manifestantes que protestaron ayer en la provincia contra la reforma de la constituci\u00f3n de su distrito y fueron reprimidos por las fuerzas de seguridad locales<\/strong><\/em><\/p>\n<p>&nbsp;<\/p>\n<p>&nbsp;<\/p>\n<p>\u201cAqu\u00ed hay una intervenci\u00f3n del gobierno nacional, de Alberto (Fern\u00e1ndez) y Cristina (Fern\u00e1ndez de Kirchner), sus ministros y legisladores nacionales, que est\u00e1n financiando\u201d a los manifestantes en la provincia de Jujuy, se\u00f1al\u00f3 Morales en declaraciones a radio La Red.<\/p>\n<p>Ayer, la polic\u00eda juje\u00f1a por orden de Morales reprimi\u00f3 a los manifestantes que protestaban contra la reforma de la Carta Magna provincial que fue aprobada por una Asamblea Constituyente en una breve sesi\u00f3n que se realiz\u00f3 en la Legislatura local.<\/p>\n<p>Como consecuencia de los incidentes se registraron 170 heridos, uno de ellos de gravedad tras haber sufrido un traumatismo de cr\u00e1neo, y hubo al menos 68 detenidos en el marco de una represi\u00f3n policial que se extendi\u00f3 por m\u00e1s de cuatro horas.<\/p>\n<p>El tambi\u00e9n titular de la Uni\u00f3n C\u00edvica Radical expres\u00f3 que a la provincia lleg\u00f3 \u201cgente extra\u00f1a desde hace un mes a agitar, a movilizar\u201d y reiter\u00f3 que \u201cel gobierno nacional est\u00e1 financiando con recursos una situaci\u00f3n que termin\u00f3&#8221; con los hechos que ayer se vivieron en la capital provincial.<\/p>\n<p>Pese a no presentar todav\u00eda pruebas para sus afirmaciones, el mandatario adelant\u00f3 que tiene pensado denunciar ante la Justicia al ministro de Seguridad, An\u00edbal Fern\u00e1ndez, si las fuerzas federales no proceden a despejar las rutas provinciales que est\u00e1n cortadas por los manifestantes.<\/p>\n<p>\u201cAn\u00edbal Fern\u00e1ndez ya tiene una orden del juez federal para intervenir, pero adem\u00e1s est\u00e1 vigente el nuevo c\u00f3digo federal penal nacional que permite a las fuerzas actuar cuando un delito se comete en flagrancia, sin orden de un juez\u201d, manifest\u00f3 el mandatario juje\u00f1o.<\/p>\n<p>Morales reiter\u00f3 que los incidentes en Jujuy fueron \u201cla mejor excusa para tapar el caso de Chaco, donde hay un Estado paralelo&#8221; y record\u00f3 que lo mismo sucedi\u00f3 en Jujuy &#8220;con Milagro Sala&#8221;, la dirigente social que se encuentra detenida desde 2016.<\/p>\n<p>De esta forma, Morales se refiri\u00f3 al dirigente social Emerenciano Sena, que est\u00e1 detenido en el marco de la investigaci\u00f3n por la desaparici\u00f3n de Cecilia Strzyzowski.<\/p>\n<p>En otro orden, el gobernador defendi\u00f3 el accionar policial durante la represi\u00f3n al indicar que \u201ccuando hay una manifestaci\u00f3n violenta como la del s\u00e1bado en Purmamarca y como la que hubo ayer (en la capital juje\u00f1a), la polic\u00eda tiene que actuar\u201d.<\/p>\n<p>El gobernador indic\u00f3 que las fuerzas de seguridad actuaron en un contexto en el cual los manifestantes \u201cquemaron parte de la Legislatura y dieron vuelta autos, all\u00ed tuvo que intervenir la polic\u00eda y fue apedreada\u201d.<\/p>\n<p>Al insistir con sus acusaciones sobre que se trat\u00f3 de una protesta \u201carmada\u201d, Morales dijo que \u201crepart\u00edan cinco mil pesos para participar en las protestas de ayer, y a algunos de los detenidos se les encontr\u00f3 500 mil pesos en efectivo\u201d.<\/p>\n<p>\u201cHay una extrema violencia, de la cual el kirchnerismo, La C\u00e1mpora y la izquierda hicieron una forma de vida. Quieren reinstalar esto en Jujuy, pero no lo vamos a permitir\u201d, expres\u00f3.<\/p>\n<p>Morales afirm\u00f3 que las declaraciones del presidente Alberto Fern\u00e1ndez y de la vicepresidenta Cristina Kirchner tras los incidentes y la represi\u00f3n de ayer constituyen \u201cactitudes golpistas al avalar la toma de la Legislatura, que es lo mismo que hizo (Donald) Trump y (Jair) Bolsonaro, son actitudes desestabilizantes\u201d.<\/p>\n","protected":false},"excerpt":{"rendered":"<p>El gobernador de la provincia de Jujuy, Gerardo Morales, volvi\u00f3 a apuntar hoy contra el presidente Alberto Fern\u00e1ndez y la vicepresidenta Cristina Kirchner, a quienes acus\u00f3 de \u201cfinanciar\u201d a los manifestantes que protestaron ayer en la provincia contra la reforma de la constituci\u00f3n de su distrito y fueron reprimidos por las fuerzas de seguridad locales &nbsp; &nbsp; \u201cAqu\u00ed hay una intervenci\u00f3n del gobierno nacional, de Alberto (Fern\u00e1ndez) y Cristina (Fern\u00e1ndez de Kirchner), sus ministros y legisladores nacionales, que est\u00e1n financiando\u201d a los manifestantes en la provincia de Jujuy, se\u00f1al\u00f3 Morales&#8230;<\/p>\n","protected":false},"author":3,"featured_media":84822,"comment_status":"closed","ping_status":"closed","sticky":false,"template":"","format":"standard","meta":[],"categories":[18],"tags":[],"_links":{"self":[{"href":"https:\/\/www.actualidadadiario.com\/index.php\/wp-json\/wp\/v2\/posts\/103460"}],"collection":[{"href":"https:\/\/www.actualidadadiario.com\/index.php\/wp-json\/wp\/v2\/posts"}],"about":[{"href":"https:\/\/www.actualidadadiario.com\/index.php\/wp-json\/wp\/v2\/types\/post"}],"author":[{"embeddable":true,"href":"https:\/\/www.actualidadadiario.com\/index.php\/wp-json\/wp\/v2\/users\/3"}],"replies":[{"embeddable":true,"href":"https:\/\/www.actualidadadiario.com\/index.php\/wp-json\/wp\/v2\/comments?post=103460"}],"version-history":[{"count":1,"href":"https:\/\/www.actualidadadiario.com\/index.php\/wp-json\/wp\/v2\/posts\/103460\/revisions"}],"predecessor-version":[{"id":103461,"href":"https:\/\/www.actualidadadiario.com\/index.php\/wp-json\/wp\/v2\/posts\/103460\/revisions\/103461"}],"wp:featuredmedia":[{"embeddable":true,"href":"https:\/\/www.actualidadadiario.com\/index.php\/wp-json\/wp\/v2\/media\/84822"}],"wp:attachment":[{"href":"https:\/\/www.actualidadadiario.com\/index.php\/wp-json\/wp\/v2\/media?parent=103460"}],"wp:term":[{"taxonomy":"category","embeddable":true,"href":"https:\/\/www.actualidadadiario.com\/index.php\/wp-json\/wp\/v2\/categories?post=103460"},{"taxonomy":"post_tag","embeddable":true,"href":"https:\/\/www.actualidadadiario.com\/index.php\/wp-json\/wp\/v2\/tags?post=103460"}],"curies":[{"name":"wp","href":"https:\/\/api.w.org\/{rel}","templated":true}]}}