{"id":103454,"date":"2023-06-21T13:04:01","date_gmt":"2023-06-21T16:04:01","guid":{"rendered":"https:\/\/www.actualidadadiario.com\/?p=103454"},"modified":"2023-06-21T13:04:01","modified_gmt":"2023-06-21T16:04:01","slug":"jujuy-tensa-calma-en-la-capital-cortes-de-ruta-y-protestas-en-todo-el-pais","status":"publish","type":"post","link":"https:\/\/www.actualidadadiario.com\/index.php\/2023\/06\/21\/jujuy-tensa-calma-en-la-capital-cortes-de-ruta-y-protestas-en-todo-el-pais\/","title":{"rendered":"Jujuy: tensa calma en la capital, cortes de ruta y protestas en todo el pa\u00eds"},"content":{"rendered":"<p style=\"text-align: center;\"><em><strong>C\u00f3mo sigue la situaci\u00f3n en Jujuy tras un d\u00eda agitado con protestas, violencia y cruces entre oficialismo y oposici\u00f3n<\/strong><\/em><\/p>\n<p>&nbsp;<\/p>\n<p>&nbsp;<\/p>\n<p>Una nueva jornada se desarrolla en la provincia de Jujuy, el d\u00eda despu\u00e9s de los graves incidentes en la capital, con decenas de heridos y detenidos, en el marco de las protestas contra la reforma de la Constituci\u00f3n provincial aprobada por el gobernador Gerardo Morales.<\/p>\n<p>En medio de la batalla campal, los cruces de acusaciones no faltaron. Morales carg\u00f3 responsabilidades contra el Gobierno, a las que Alberto Fern\u00e1ndez y Cristina Fern\u00e1ndez de Kirchner respondieron sin dudar. A este escenario se sumaron otras figuras del oficialismo y la oposici\u00f3n, como el ministro Eduardo &#8220;Wado&#8221; de Pedro, An\u00edbal Fern\u00e1ndez, Horacio Rodr\u00edguez Larreta, Patricia Bullrich, Mauricio Macri, entre otros, que se metieron en el ruedo de la disputa.<\/p>\n<p>&nbsp;<\/p>\n<p><strong>Jujuy: el d\u00eda despu\u00e9s de la batalla campal<\/strong><\/p>\n<p>El gobernador Gerardo Morales aprob\u00f3 la citada reforma, pero, minutos antes a la declaraci\u00f3n de la nueva Constituci\u00f3n, se produjo una lluvia de balas de goma, gas pimienta, piedrazos, palos y vallas ca\u00eddas. En simult\u00e1neo, el funcionario juje\u00f1o jur\u00f3 frente al parlamento y, en menos de un minuto, aprob\u00f3 la reforma.<\/p>\n<p>Mientras tanto, en las afueras de la Legislatura local, miles de personas protagonizaron una jornada sangrienta, con la represi\u00f3n con balas de goma y gases de la infanter\u00eda. Los manifestantes decidieron ingresar por la fuerza al Palacio Legislativo prendieron fuego algunos sectores.<\/p>\n<p>&nbsp;<\/p>\n<p><strong>Heridos y detenidos<\/strong><\/p>\n<p>&#8220;Tenemos unos 170 heridos por las manifestaciones y enfrentamientos, uno de los cuales es de gravedad&#8221;, afirm\u00f3 Pablo Jure, director del servicio de emergencias Same en Jujuy, en di\u00e1logo con la prensa. El herido de gravedad se trata de Nelson Mamani, perteneciente al Movimiento Argentina Rebelde (MAR), que recibi\u00f3 una herida en la cabeza y trasladado en ambulancia al hospital Pablo Soria. Su estado de salud es reservado.<\/p>\n<p>Las autoridades de las unidades penales 3 y 5 del barrio Alto Comedero informaron que se encuentran privados de su libertad un total de 45 hombres, 18 mujeres y 5 menores de edad, apresados durante las manifestaciones de este martes. La mayor\u00eda fue trasladada a las unidades penales 3 y 7 del barrio Alto Comedero, en el acceso sur a la capital juje\u00f1a, bajo las car\u00e1tulas de &#8220;atentado y resistencia a la autoridad&#8221;, &#8220;da\u00f1os de bienes de uso p\u00fablico&#8221; y &#8220;atentado y resistencia a la autoridad en grado de tentativa&#8221; por orden del fiscal Walter Rond\u00f3n, precisaron abogados de derechos humanos.<\/p>\n<p>Organismos provinciales de derechos humanos denunciaron la detenci\u00f3n de varios integrantes de la agrupaci\u00f3n HIJOS-Jujuy, como Eva Arroyo, Carolina Luna, N\u00e9stor Mendoza, y Ana Uro, quienes participaban de la marcha.<\/p>\n<p>A ellos se suman Claudia Ayarde, Ana Arroyo, Cintia D\u00edaz, Anal\u00eda Vilca, Sara P\u00e9rez, Juan Jos\u00e9 Flores, Mayra Vilca, Carolina Luna, Enzo Cruz, Agustina Gasparovic, Elsa Ochoa, Noem\u00ed Torres, e Irma Ramos, entre ellos varios docentes detenidos.<\/p>\n<p>&nbsp;<\/p>\n<p><strong>Siguen las protestas, cortes de ruta y paros<\/strong><\/p>\n<p>Desde Rio Negro hasta Jujuy, este martes se registraron movilizaciones en repudio al accionar policial del gobierno de Gerardo Morales, que recibi\u00f3 el respaldo de toda la dirigencia de Juntos por el Cambio. A las fuertes medidas de fuerza gremiales en la provincia norte\u00f1a, se le suma un paro docente en todo el pa\u00eds.<\/p>\n<p>En toda la provincia, los servicios de transporte y las rutas estar\u00e1n afectados. El Aeropuerto de Jujuy se encuentra cerrado en la tarde del martes, porque los controladores a\u00e9reos no pudieron llegar al establecimiento. Por otro, lado los colectivos dejaron de circular en casi toda la provincia, mientras que comunidades originarias anunciaron un &#8220;corte definitivo&#8221; en el acceso a Purmamarca.<\/p>\n<p>Por su parte, CTERA -el gremio que nuclea a trabajadores de la educaci\u00f3n de todo el pa\u00eds- anunci\u00f3 que habr\u00e1 paro nacional docente para el mi\u00e9rcoles y jueves, expresando que la &#8220;Constituci\u00f3n Provincial cercena derechos humanos, sindicales, sociales y de los pueblos originarios&#8221; y exigiendo el &#8220;cese urgente de la represi\u00f3n y la investigaci\u00f3n de estos hechos&#8221;.<\/p>\n<p>El paro incluir\u00e1 movilizaci\u00f3n en la ciudad de Buenos Aires desde las doce del mediod\u00eda. Con concentraci\u00f3n en el Obelisco porte\u00f1o, contar\u00e1 con la adhesi\u00f3n de La Campora, del Partido Obrero y de otras agrupaciones que conforman el Frente de Izquierda-Unidad. Adem\u00e1s, la CTA anunci\u00f3 que adelantar\u00e1 su movilizaci\u00f3n programa para el jueves para plegarse a la marcha.<\/p>\n<p>&#8220;Ante el recrudecimiento de la represi\u00f3n en la provincia de Jujuy, con heridos de gravedad y una brutal acci\u00f3n de fuerzas policiales y presencia de elementos vestidos de civil, responsabilidad de una decisi\u00f3n tomada por el gobernador Morales, hemos resuelto convocarnos de urgencia la CTA de los Trabajadores y Trabajadoras, la CTA Aut\u00f3noma, la Corriente Federal, Frente Sindical para el Modelo Nacional, la Uni\u00f3n de Trabajadores y Trabajadoras de la Econom\u00eda Popular (UTEP), la Corriente Clasista y Combativa (CCC) y organizaciones pol\u00edticas y sociales&#8221;, sostuvo el sindicato.<\/p>\n<p>&nbsp;<\/p>\n<p><strong>Cruces entre oficialismo y oposici\u00f3n<\/strong><\/p>\n<p>En paralelo, mientras la violencia aumentaba en las calles de la capital juje\u00f1a, en Twitter las figuras centrales de la pol\u00edtica nacional protagonizaron una serie de cruces, lanz\u00e1ndose acusaciones sobre las responsabilidades de lo ocurrido, que desde hace d\u00edas viene sacudiendo a la provincia gobernada por Morales.<\/p>\n<p>Justamente, el mandam\u00e1s de Jujuy y precandidato a presidente fue quien lanz\u00f3 la primera piedra. &#8220;Hago responsable al presidente Alberto Fern\u00e1ndez y a la vicepresidenta Cristina Kirchner de la extrema violencia que se est\u00e1 viviendo en la provincia de Jujuy. Los violentos no nos van a torcer el brazo&#8221;, escribi\u00f3 Morales en su cuenta oficial de Twitter, a pocos minutos de haber concretado la jura de la reforma de la Constituci\u00f3n provincial.<\/p>\n<p>El presidente Alberto Fern\u00e1ndez respondi\u00f3 a las acusaciones del gobernador de Jujuy: &#8220;Usted es el \u00fanico responsable de haber llevado a nuestra querida provincia de Jujuy a esta situaci\u00f3n l\u00edmite tratando de imponer una reforma constitucional que no respeta la Constituci\u00f3n Nacional&#8221;, dijo.<\/p>\n<p>Luego se sum\u00f3 Cristina Fern\u00e1ndez de Kirchner quien lanz\u00f3 un duro mensaje contra las autoridades provinciales. &#8220;H\u00e1gase cargo Gobernador Morales y pare con la locura represiva que su propio accionar ha desatado&#8221;, escribi\u00f3 en Twitter.<\/p>\n<p>La precandidata presidencial Patricia Bullrich sali\u00f3 a respaldar al gobernador de Jujuy, Gerardo Morales, por la situaci\u00f3n de violencia social que all\u00ed se vive. Apunt\u00f3 contra el Gobierno y pidi\u00f3 actuar con &#8220;firmeza&#8221; para &#8220;no ceder ante la violencia&#8221;. &#8220;Estamos junto al gobernador de Jujuy y todo el pueblo juje\u00f1o&#8221;, escribi\u00f3 la precandidata del PRO, que pelear\u00e1 con Horacio Rodr\u00edguez Larreta en las PASO para representar a su espacio.<\/p>\n<p>Otro que sali\u00f3 al ruedo fue el expresidente Mauricio Macri &#8220;Es inevitable ver las im\u00e1genes de Jujuy y no recordar lo que vivimos en 2017 cuando nos apedrearon el Congreso. Todo mi repudio y condena a la violencia: el orden era entonces y es hoy fundamental. Sin ley no hay progreso. Sin progreso solo hay m\u00e1s pobreza y cada vez menos futuro&#8221;, escribi\u00f3.<\/p>\n","protected":false},"excerpt":{"rendered":"<p>C\u00f3mo sigue la situaci\u00f3n en Jujuy tras un d\u00eda agitado con protestas, violencia y cruces entre oficialismo y oposici\u00f3n &nbsp; &nbsp; Una nueva jornada se desarrolla en la provincia de Jujuy, el d\u00eda despu\u00e9s de los graves incidentes en la capital, con decenas de heridos y detenidos, en el marco de las protestas contra la reforma de la Constituci\u00f3n provincial aprobada por el gobernador Gerardo Morales. En medio de la batalla campal, los cruces de acusaciones no faltaron. Morales carg\u00f3 responsabilidades contra el Gobierno, a las que Alberto Fern\u00e1ndez y&#8230;<\/p>\n","protected":false},"author":3,"featured_media":103455,"comment_status":"closed","ping_status":"closed","sticky":false,"template":"","format":"standard","meta":[],"categories":[18],"tags":[],"_links":{"self":[{"href":"https:\/\/www.actualidadadiario.com\/index.php\/wp-json\/wp\/v2\/posts\/103454"}],"collection":[{"href":"https:\/\/www.actualidadadiario.com\/index.php\/wp-json\/wp\/v2\/posts"}],"about":[{"href":"https:\/\/www.actualidadadiario.com\/index.php\/wp-json\/wp\/v2\/types\/post"}],"author":[{"embeddable":true,"href":"https:\/\/www.actualidadadiario.com\/index.php\/wp-json\/wp\/v2\/users\/3"}],"replies":[{"embeddable":true,"href":"https:\/\/www.actualidadadiario.com\/index.php\/wp-json\/wp\/v2\/comments?post=103454"}],"version-history":[{"count":1,"href":"https:\/\/www.actualidadadiario.com\/index.php\/wp-json\/wp\/v2\/posts\/103454\/revisions"}],"predecessor-version":[{"id":103456,"href":"https:\/\/www.actualidadadiario.com\/index.php\/wp-json\/wp\/v2\/posts\/103454\/revisions\/103456"}],"wp:featuredmedia":[{"embeddable":true,"href":"https:\/\/www.actualidadadiario.com\/index.php\/wp-json\/wp\/v2\/media\/103455"}],"wp:attachment":[{"href":"https:\/\/www.actualidadadiario.com\/index.php\/wp-json\/wp\/v2\/media?parent=103454"}],"wp:term":[{"taxonomy":"category","embeddable":true,"href":"https:\/\/www.actualidadadiario.com\/index.php\/wp-json\/wp\/v2\/categories?post=103454"},{"taxonomy":"post_tag","embeddable":true,"href":"https:\/\/www.actualidadadiario.com\/index.php\/wp-json\/wp\/v2\/tags?post=103454"}],"curies":[{"name":"wp","href":"https:\/\/api.w.org\/{rel}","templated":true}]}}