{"id":103451,"date":"2023-06-21T13:01:39","date_gmt":"2023-06-21T16:01:39","guid":{"rendered":"https:\/\/www.actualidadadiario.com\/?p=103451"},"modified":"2023-06-21T13:01:39","modified_gmt":"2023-06-21T16:01:39","slug":"anibal-fernandez-rechazo-la-posibilidad-de-enviar-fuerzas-especiales-federales-a-jujuy-no-corresponde","status":"publish","type":"post","link":"https:\/\/www.actualidadadiario.com\/index.php\/2023\/06\/21\/anibal-fernandez-rechazo-la-posibilidad-de-enviar-fuerzas-especiales-federales-a-jujuy-no-corresponde\/","title":{"rendered":"An\u00edbal Fern\u00e1ndez rechaz\u00f3 la posibilidad de enviar fuerzas especiales federales a Jujuy: &#8220;No corresponde&#8221;"},"content":{"rendered":"<p style=\"text-align: center;\"><em><strong>El ministro de Seguridad repudi\u00f3 la violencia en la provincia y tild\u00f3 de &#8220;mentiroso&#8221; al gobernador Gerardo Morales. Adem\u00e1s, sostuvo que &#8220;no tiene pruebas&#8221; que respalde lo que expone<\/strong><\/em><\/p>\n<p>&nbsp;<\/p>\n<p>&nbsp;<\/p>\n<p>El ministro de Seguridad, An\u00edbal Fern\u00e1ndez, habl\u00f3 de la tensa situaci\u00f3n que se vive en la provincia de Jujuy en el marco de las manifestaciones por la reforma de la Constituci\u00f3n juje\u00f1a y desestim\u00f3 la posibilidad de enviar fuerzas especiales federales. &#8220;No corresponde que lo haga&#8221;, afirm\u00f3.<\/p>\n<p>&#8220;Las fuerzas federales no pueden intervenir en una provincia sin autorizaci\u00f3n previa, sin un armado de un consejo y las particularidades de la ley 24.059, pero no tengo ninguna orden&#8221;, precis\u00f3 a las puertas del Ministerio de Seguridad, desde donde ampli\u00f3: &#8220;Si hay alguien que tiene vocaci\u00f3n de hacerlo, lo tiene que decir, que es el magistrado o en todo caso el fiscal&#8221;.<\/p>\n<p>&#8220;El conflicto est\u00e1 sucediendo en Jujuy y est\u00e1 actuando la polic\u00eda local, por qu\u00e9 tiene que actuar las fuerzas federales&#8221;, se pregunt\u00f3.<\/p>\n<p>El funcionario del Gabinete que responde a Alberto Fern\u00e1ndez repudi\u00f3 la violencia en las calles y carg\u00f3 adem\u00e1s contra el gobernador Gerardo Morales al que acus\u00f3 de mentir. Tambi\u00e9n cuestion\u00f3 tambi\u00e9n las modificaciones de la Constituci\u00f3n provincial y critic\u00f3 los argumentos expuestos por el gobernador que indica que el Gobierno Nacional envi\u00f3 infiltrados a la movilizaci\u00f3n.<\/p>\n<p>&#8220;Lo que dice el gobernador es mentira. Miente&#8221;, aclar\u00f3, y agreg\u00f3: &#8220;Modificaron su Constituci\u00f3n, hay quejas porque se hizo a una velocidad llamativa, den las explicaciones a su pueblo, qu\u00e9 tengo que estar hablando yo&#8221;.<\/p>\n<p>Para An\u00edbal Fern\u00e1ndez, Morales &#8220;no puede probar lo que dice porque no es verdad&#8221;, y afirm\u00f3 que &#8220;el problema que est\u00e1 teniendo es que a nadie se le ocurrir\u00eda inventar la sanci\u00f3n de una Constituci\u00f3n ama\u00f1ada a escondidas&#8221;.<\/p>\n<p>&#8220;Cuando uno ve que estos gobernantes se creen que se resuelven las cosas de guapo, llev\u00e1ndose al pueblo por delante, deteniendo gente enferma, turistas, a cualquiera que estuviera adelante&#8230;&#8221;, manifest\u00f3, y sum\u00f3: &#8220;Se llevaron por delante al pueblo. Cuando ten\u00e9s el pueblo en la calle, algo mal est\u00e1 pasando&#8221;.<\/p>\n<p>Por \u00faltimo, el ministro de Seguridad critic\u00f3 a los legisladores peronistas que votaron en favor de la reforma y cuestion\u00f3 a Juntos por el Cambio por respaldar al mandatario provincia. &#8220;Lo que m\u00e1s bronca da es que encima su propio partido sale a apoyarlo como si fuera el llanero solitario. Es un desprop\u00f3sito&#8221;, concluy\u00f3.<\/p>\n","protected":false},"excerpt":{"rendered":"<p>El ministro de Seguridad repudi\u00f3 la violencia en la provincia y tild\u00f3 de &#8220;mentiroso&#8221; al gobernador Gerardo Morales. Adem\u00e1s, sostuvo que &#8220;no tiene pruebas&#8221; que respalde lo que expone &nbsp; &nbsp; El ministro de Seguridad, An\u00edbal Fern\u00e1ndez, habl\u00f3 de la tensa situaci\u00f3n que se vive en la provincia de Jujuy en el marco de las manifestaciones por la reforma de la Constituci\u00f3n juje\u00f1a y desestim\u00f3 la posibilidad de enviar fuerzas especiales federales. &#8220;No corresponde que lo haga&#8221;, afirm\u00f3. &#8220;Las fuerzas federales no pueden intervenir en una provincia sin autorizaci\u00f3n previa,&#8230;<\/p>\n","protected":false},"author":3,"featured_media":103452,"comment_status":"closed","ping_status":"closed","sticky":false,"template":"","format":"standard","meta":[],"categories":[18],"tags":[],"_links":{"self":[{"href":"https:\/\/www.actualidadadiario.com\/index.php\/wp-json\/wp\/v2\/posts\/103451"}],"collection":[{"href":"https:\/\/www.actualidadadiario.com\/index.php\/wp-json\/wp\/v2\/posts"}],"about":[{"href":"https:\/\/www.actualidadadiario.com\/index.php\/wp-json\/wp\/v2\/types\/post"}],"author":[{"embeddable":true,"href":"https:\/\/www.actualidadadiario.com\/index.php\/wp-json\/wp\/v2\/users\/3"}],"replies":[{"embeddable":true,"href":"https:\/\/www.actualidadadiario.com\/index.php\/wp-json\/wp\/v2\/comments?post=103451"}],"version-history":[{"count":1,"href":"https:\/\/www.actualidadadiario.com\/index.php\/wp-json\/wp\/v2\/posts\/103451\/revisions"}],"predecessor-version":[{"id":103453,"href":"https:\/\/www.actualidadadiario.com\/index.php\/wp-json\/wp\/v2\/posts\/103451\/revisions\/103453"}],"wp:featuredmedia":[{"embeddable":true,"href":"https:\/\/www.actualidadadiario.com\/index.php\/wp-json\/wp\/v2\/media\/103452"}],"wp:attachment":[{"href":"https:\/\/www.actualidadadiario.com\/index.php\/wp-json\/wp\/v2\/media?parent=103451"}],"wp:term":[{"taxonomy":"category","embeddable":true,"href":"https:\/\/www.actualidadadiario.com\/index.php\/wp-json\/wp\/v2\/categories?post=103451"},{"taxonomy":"post_tag","embeddable":true,"href":"https:\/\/www.actualidadadiario.com\/index.php\/wp-json\/wp\/v2\/tags?post=103451"}],"curies":[{"name":"wp","href":"https:\/\/api.w.org\/{rel}","templated":true}]}}