{"id":103121,"date":"2023-06-14T14:39:06","date_gmt":"2023-06-14T17:39:06","guid":{"rendered":"https:\/\/www.actualidadadiario.com\/?p=103121"},"modified":"2023-06-14T14:39:06","modified_gmt":"2023-06-14T17:39:06","slug":"despiden-a-berlusconi-en-italia-con-una-controvertida-jornada-de-luto","status":"publish","type":"post","link":"https:\/\/www.actualidadadiario.com\/index.php\/2023\/06\/14\/despiden-a-berlusconi-en-italia-con-una-controvertida-jornada-de-luto\/","title":{"rendered":"Despiden a Berlusconi en Italia con una controvertida jornada de luto"},"content":{"rendered":"<p style=\"text-align: center;\"><em><strong>Algunos pol\u00edticos de la oposici\u00f3n italiana, entre ellos el ex primer ministro Giuseppe Conte, se negaron a asistir al servicio<\/strong><\/em><\/p>\n<p>&nbsp;<\/p>\n<p>&nbsp;<\/p>\n<p>El ex primer ministro italiano Silvio Berlusconi sigue dividiendo a su pa\u00eds incluso tras su muerte, ya que la decisi\u00f3n del Gobierno de Italia, que incluye a su antiguo partido, de honrarlo con un d\u00eda de luto nacional el mi\u00e9rcoles ha desatado la pol\u00e9mica.<\/p>\n<p>Berlusconi falleci\u00f3 el lunes a los 86 a\u00f1os. Su funeral de Estado, que tendr\u00e1 lugar en el Duomo de Mil\u00e1n el mi\u00e9rcoles por la tarde, atraer\u00e1 probablemente a varios miles de personas, entre ellas altos dirigentes pol\u00edticos y dignatarios extranjeros.<\/p>\n<p>Algunos pol\u00edticos de la oposici\u00f3n italiana, entre ellos el ex primer ministro Giuseppe Conte, se negaron a asistir al servicio, mientras que la ex ministra de centro-izquierda Rosy Bindi afirm\u00f3 que se estaba produciendo una &#8220;santificaci\u00f3n inapropiada&#8221;.<\/p>\n<p>Los ex primeros ministros italianos han recibido funerales de Estado en el pasado, pero es la primera vez que se convoca tambi\u00e9n un d\u00eda de luto nacional, un honor sin precedentes. Corresponde al Gobierno declararlo.<\/p>\n<p>Italia est\u00e1 gobernada por una coalici\u00f3n de derechas formada por el partido Fratelli d&#8217;Italia de la primera ministra Giorgia Meloni, la Liga de Matteo Salvini y el antiguo partido de Berlusconi, Forza Italia.<\/p>\n<p>El d\u00eda de luto no es festivo, sino un homenaje simb\u00f3lico en el que las banderas ondean a media asta en los edificios p\u00fablicos. El Parlamento Europeo tambi\u00e9n decidi\u00f3 presentar sus respetos de esta manera.<\/p>\n<p>Bindi, una mujer a menudo vilipendiada por las mofas sexistas de Berlusconi, dijo que el d\u00eda nacional era una &#8220;falta de respeto hacia la mayor\u00eda&#8221; de los italianos que se opon\u00edan al difunto l\u00edder.<\/p>\n<p>Berlusconi fue una figura muy divisiva que sent\u00f3 las bases para otros hombres de negocios convertidos en pol\u00edticos, como el expresidente de Estados Unidos Donald Trump, con una carrera salpicada de esc\u00e1ndalos y procesos judiciales.<\/p>\n<p>Se esperaba la presencia de unas 2.300 personas en el interior del Duomo, la catedral de Mil\u00e1n, entre ellas Meloni, el presidente Sergio Mattarella y la l\u00edder del Partido Democr\u00e1tico (PD), de centro-izquierda, Elly Schlein.<\/p>\n<p>La actividad parlamentaria se suspendi\u00f3 de facto el mi\u00e9rcoles para permitir a los pol\u00edticos participar en el oficio.<\/p>\n<p>Est\u00e1 previsto que asistan el Comisario de Econom\u00eda de la UE, Paolo Gentiloni, el primer ministro h\u00fangaro, Viktor Orban, el emir de Qatar, jeque Tamim bin Hamad al-Thani, y el primer ministro iraqu\u00ed, Mohammed Shia&#8217; Al Sudani.<\/p>\n<p>Berlusconi tambi\u00e9n fue homenajeado con anuncios a toda p\u00e1gina en los peri\u00f3dicos de su familia y de su empresa de medios de comunicaci\u00f3n MFE.<\/p>\n","protected":false},"excerpt":{"rendered":"<p>Algunos pol\u00edticos de la oposici\u00f3n italiana, entre ellos el ex primer ministro Giuseppe Conte, se negaron a asistir al servicio &nbsp; &nbsp; El ex primer ministro italiano Silvio Berlusconi sigue dividiendo a su pa\u00eds incluso tras su muerte, ya que la decisi\u00f3n del Gobierno de Italia, que incluye a su antiguo partido, de honrarlo con un d\u00eda de luto nacional el mi\u00e9rcoles ha desatado la pol\u00e9mica. Berlusconi falleci\u00f3 el lunes a los 86 a\u00f1os. Su funeral de Estado, que tendr\u00e1 lugar en el Duomo de Mil\u00e1n el mi\u00e9rcoles por la&#8230;<\/p>\n","protected":false},"author":3,"featured_media":103122,"comment_status":"closed","ping_status":"closed","sticky":false,"template":"","format":"standard","meta":[],"categories":[4],"tags":[],"_links":{"self":[{"href":"https:\/\/www.actualidadadiario.com\/index.php\/wp-json\/wp\/v2\/posts\/103121"}],"collection":[{"href":"https:\/\/www.actualidadadiario.com\/index.php\/wp-json\/wp\/v2\/posts"}],"about":[{"href":"https:\/\/www.actualidadadiario.com\/index.php\/wp-json\/wp\/v2\/types\/post"}],"author":[{"embeddable":true,"href":"https:\/\/www.actualidadadiario.com\/index.php\/wp-json\/wp\/v2\/users\/3"}],"replies":[{"embeddable":true,"href":"https:\/\/www.actualidadadiario.com\/index.php\/wp-json\/wp\/v2\/comments?post=103121"}],"version-history":[{"count":1,"href":"https:\/\/www.actualidadadiario.com\/index.php\/wp-json\/wp\/v2\/posts\/103121\/revisions"}],"predecessor-version":[{"id":103123,"href":"https:\/\/www.actualidadadiario.com\/index.php\/wp-json\/wp\/v2\/posts\/103121\/revisions\/103123"}],"wp:featuredmedia":[{"embeddable":true,"href":"https:\/\/www.actualidadadiario.com\/index.php\/wp-json\/wp\/v2\/media\/103122"}],"wp:attachment":[{"href":"https:\/\/www.actualidadadiario.com\/index.php\/wp-json\/wp\/v2\/media?parent=103121"}],"wp:term":[{"taxonomy":"category","embeddable":true,"href":"https:\/\/www.actualidadadiario.com\/index.php\/wp-json\/wp\/v2\/categories?post=103121"},{"taxonomy":"post_tag","embeddable":true,"href":"https:\/\/www.actualidadadiario.com\/index.php\/wp-json\/wp\/v2\/tags?post=103121"}],"curies":[{"name":"wp","href":"https:\/\/api.w.org\/{rel}","templated":true}]}}