{"id":103118,"date":"2023-06-14T14:38:20","date_gmt":"2023-06-14T17:38:20","guid":{"rendered":"https:\/\/www.actualidadadiario.com\/?p=103118"},"modified":"2023-06-14T14:38:20","modified_gmt":"2023-06-14T17:38:20","slug":"mbappe-dijo-que-messi-no-recibio-el-respeto-que-merecia-en-francia","status":"publish","type":"post","link":"https:\/\/www.actualidadadiario.com\/index.php\/2023\/06\/14\/mbappe-dijo-que-messi-no-recibio-el-respeto-que-merecia-en-francia\/","title":{"rendered":"Mbapp\u00e9 dijo que Messi &#8220;no recibi\u00f3 el respeto que merec\u00eda en Francia&#8221;"},"content":{"rendered":"<p style=\"text-align: center;\"><em><strong>Adem\u00e1s,\u00a0 se\u00f1al\u00f3: &#8220;No entiendo muy bien por qu\u00e9 tanta gente se sinti\u00f3 tan aliviada de que se fuera&#8221;<\/strong><\/em><\/p>\n<p>&nbsp;<\/p>\n<p>&nbsp;<\/p>\n<p>El futbolista Kylian Mbapp\u00e9 asegur\u00f3 que Lionel Messi no recibi\u00f3 el respeto que merec\u00eda en Francia, a la vez que dijo &#8220;no&#8221; entender &#8220;por qu\u00e9 tanta gente se sinti\u00f3 aliviada de que se fuera&#8221;.<\/p>\n<p>&#8220;Estamos hablando del que podr\u00eda ser el mejor jugador de la historia del f\u00fatbol. Nunca es una buena noticia que alguien como Messi se vaya&#8221;, dijo Mbapp\u00e9.<\/p>\n<p>Messi hab\u00eda sido abucheado por los aficionados del Par\u00eds Saint Germain (PSG) hacia el final de la temporada despu\u00e9s de su eliminaci\u00f3n en los octavos de final de la Liga de Campeones y Mbapp\u00e9 dijo que el siete veces ganador del Bal\u00f3n de Oro no recibi\u00f3 el respeto que merec\u00eda en Francia.<\/p>\n<p>&#8220;Personalmente, no entiendo muy bien por qu\u00e9 tanta gente se sinti\u00f3 tan aliviada de que se fuera. (&#8230;) Es una pena, pero as\u00ed ha sido. Tendremos que hacer lo que podamos para sustituirle&#8221;, expres\u00f3 acerca del jugador argentino que opt\u00f3 por no ampliar su contrato con el PSG al final de temporada.<\/p>\n<p>Por otro lado, Mbapp\u00e9 dijo que nunca le pidi\u00f3 al PSG que le permitiera fichar por el Real Madrid en el cierre de la temporada, confirmando que est\u00e1 contento de jugar en la capital francesa la pr\u00f3xima temporada, pero que no ampliar\u00e1 su contrato con el campe\u00f3n de la Ligue 1.<\/p>\n<p>Mbapp\u00e9 caus\u00f3 revuelo cuando envi\u00f3 una carta al club en la que afirmaba que no ten\u00eda intenci\u00f3n de ampliar su contrato con el PSG, que expira en 2024, si no activaba la cl\u00e1usula que prolongar\u00eda su acuerdo 12 meses m\u00e1s.<\/p>\n<p>El PSG se encuentra en un aprieto, ya que corre el riesgo de perder a Mbapp\u00e9 gratis en junio de 2024. El jugador tambi\u00e9n ser\u00e1 libre de firmar un precontrato con un nuevo club a partir de enero, en caso de que decida prolongar el a\u00f1o que le queda de contrato con el PSG.<\/p>\n<p>&#8220;No he pedido ni que me vendan, ni ir al Real Madrid&#8221;, dijo Mbapp\u00e9 a la Gazzetta dello Sport.<\/p>\n<p>&#8220;S\u00f3lo confirm\u00e9 que no quiero activar el a\u00f1o extra previsto en el contrato. Nunca hemos hablado de una renovaci\u00f3n con el PSG, pero estoy feliz de quedarme aqu\u00ed la pr\u00f3xima temporada&#8221;.<\/p>\n<p>Sin embargo, si Mbapp\u00e9 se queda hasta el final de la temporada 2023-24, el club franc\u00e9s no podr\u00e1 recuperar nada de los 180 millones de euros (194,45 millones de d\u00f3lares) que desembols\u00f3 en 2017 para fichar al delantero del AS M\u00f3naco.<\/p>\n<p>El Real Madrid sedujo a Mbapp\u00e9 en el pasado, pero no pudo conseguir al jugador de 24 a\u00f1os, quien firm\u00f3 una extensi\u00f3n de contrato con el PSG en mayo del a\u00f1o pasado.<\/p>\n<p>Sin embargo, el club espa\u00f1ol est\u00e1 reconstruyendo su equipo despu\u00e9s de perder a varios jugadores de ataque, incluido el ganador del Bal\u00f3n de Oro, Karim Benzema, y podr\u00eda poner sus ojos en Mbapp\u00e9, que fue el m\u00e1ximo goleador de la Ligue 1 en las \u00faltimas cinco temporadas.<\/p>\n","protected":false},"excerpt":{"rendered":"<p>Adem\u00e1s,\u00a0 se\u00f1al\u00f3: &#8220;No entiendo muy bien por qu\u00e9 tanta gente se sinti\u00f3 tan aliviada de que se fuera&#8221; &nbsp; &nbsp; El futbolista Kylian Mbapp\u00e9 asegur\u00f3 que Lionel Messi no recibi\u00f3 el respeto que merec\u00eda en Francia, a la vez que dijo &#8220;no&#8221; entender &#8220;por qu\u00e9 tanta gente se sinti\u00f3 aliviada de que se fuera&#8221;. &#8220;Estamos hablando del que podr\u00eda ser el mejor jugador de la historia del f\u00fatbol. Nunca es una buena noticia que alguien como Messi se vaya&#8221;, dijo Mbapp\u00e9. Messi hab\u00eda sido abucheado por los aficionados del Par\u00eds&#8230;<\/p>\n","protected":false},"author":3,"featured_media":103119,"comment_status":"closed","ping_status":"closed","sticky":false,"template":"","format":"standard","meta":[],"categories":[4],"tags":[],"_links":{"self":[{"href":"https:\/\/www.actualidadadiario.com\/index.php\/wp-json\/wp\/v2\/posts\/103118"}],"collection":[{"href":"https:\/\/www.actualidadadiario.com\/index.php\/wp-json\/wp\/v2\/posts"}],"about":[{"href":"https:\/\/www.actualidadadiario.com\/index.php\/wp-json\/wp\/v2\/types\/post"}],"author":[{"embeddable":true,"href":"https:\/\/www.actualidadadiario.com\/index.php\/wp-json\/wp\/v2\/users\/3"}],"replies":[{"embeddable":true,"href":"https:\/\/www.actualidadadiario.com\/index.php\/wp-json\/wp\/v2\/comments?post=103118"}],"version-history":[{"count":1,"href":"https:\/\/www.actualidadadiario.com\/index.php\/wp-json\/wp\/v2\/posts\/103118\/revisions"}],"predecessor-version":[{"id":103120,"href":"https:\/\/www.actualidadadiario.com\/index.php\/wp-json\/wp\/v2\/posts\/103118\/revisions\/103120"}],"wp:featuredmedia":[{"embeddable":true,"href":"https:\/\/www.actualidadadiario.com\/index.php\/wp-json\/wp\/v2\/media\/103119"}],"wp:attachment":[{"href":"https:\/\/www.actualidadadiario.com\/index.php\/wp-json\/wp\/v2\/media?parent=103118"}],"wp:term":[{"taxonomy":"category","embeddable":true,"href":"https:\/\/www.actualidadadiario.com\/index.php\/wp-json\/wp\/v2\/categories?post=103118"},{"taxonomy":"post_tag","embeddable":true,"href":"https:\/\/www.actualidadadiario.com\/index.php\/wp-json\/wp\/v2\/tags?post=103118"}],"curies":[{"name":"wp","href":"https:\/\/api.w.org\/{rel}","templated":true}]}}