{"id":103111,"date":"2023-06-14T13:36:00","date_gmt":"2023-06-14T16:36:00","guid":{"rendered":"https:\/\/www.actualidadadiario.com\/?p=103111"},"modified":"2023-06-14T13:36:00","modified_gmt":"2023-06-14T16:36:00","slug":"el-apoderado-del-pj-aseguro-que-el-fdt-cambiara-su-nombre","status":"publish","type":"post","link":"https:\/\/www.actualidadadiario.com\/index.php\/2023\/06\/14\/el-apoderado-del-pj-aseguro-que-el-fdt-cambiara-su-nombre\/","title":{"rendered":"El apoderado del PJ asegur\u00f3 que el FdT &#8220;cambiar\u00e1 su nombre&#8221;"},"content":{"rendered":"<p style=\"text-align: center;\"><em><strong>Eduardo L\u00f3pez Wesselhoefft dijo que &#8220;circula &#8216;Unidad Renovadora&#8217;, pero todav\u00eda no est\u00e1 confirmado&#8221;. Adem\u00e1s consider\u00f3 que &#8220;es legal fijar un piso de m\u00e1s del 25 por ciento de los votos en la participaci\u00f3n interna&#8221;<\/strong><\/em><\/p>\n<p>&nbsp;<\/p>\n<p>&nbsp;<\/p>\n<p>El apoderado del Partido Justicialista (PJ) nacional, Eduardo L\u00f3pez Wesselhoefft, confirm\u00f3 este mi\u00e9rcoles que el Frente de Todos &#8220;cambiar\u00e1 su nombre&#8221; para las PASO del 13 de agosto. Este mi\u00e9rcoles a las 23.59 vence el plazo para la presentaci\u00f3n de alianzas partidarias y crecen las especulaciones en el oficialismo cuando restan diez d\u00edas para la oficializaci\u00f3n de las listas y en medio del reclamo de un sector para lograr una candidatura de unidad.<\/p>\n<p>&#8220;El nombre no va a ser Frente de Todos, pero francamente todav\u00eda no lo sabemos. Solo sabemos que cambiar\u00e1 su nombre\u201d, dijo el apoderado.<\/p>\n<p>A horas del cierre de las alianzas, L\u00f3pez Wesselhoefft dijo que &#8220;todav\u00eda no est\u00e1 definido&#8221; el nuevo nombre, y explic\u00f3 que &#8220;es legal fijar un piso de m\u00e1s del 25 por ciento de los votos en la participaci\u00f3n interna&#8221;, una de las discusiones que existen entre el kirchnerismo y el sciolismo en medio de la interna oficialista respecto a c\u00f3mo ser\u00eda la composici\u00f3n de las listas post PASO.<\/p>\n<p>La duda es porque en el entorno de Daniel Scioli se quejaron de una propuesta que busca imponer un piso del 40 por ciento en la interna para ocupar lugares trascendentes en las listas de diputados. De hecho, esta semana esa disputa tuvo un lugar clave en las conversaciones entre el sciolismo y La C\u00e1mpora.<\/p>\n<p>&nbsp;<\/p>\n<p><strong>Cu\u00e1l podr\u00eda ser el nuevo nombre del Frente de Todos<\/strong><\/p>\n<p>El nombre que circula es el de &#8216;Unidad Renovadora&#8217;. \u201cPero todav\u00eda no est\u00e1 confirmado y se define hoy a la tarde&#8221;, adelant\u00f3 Wesselhoefft.<\/p>\n<p>El nuevo t\u00edtulo lo definir\u00e1 \u201cel grupo que est\u00e1 liderando las negociaciones con otros sectores y otros partidos de provincia\u201d, en el que la vicepresidenta Cristina Kirchner &#8220;tiene una gran incidencia por su peso pol\u00edtico&#8221;, explic\u00f3.<\/p>\n<p>A t\u00edtulo personal, coment\u00f3: \u201cEl nombre Unidad Renovadora mucho no me gusta, me parece que podr\u00eda ser otro, aunque yo no soy muy creativo\u201d.<\/p>\n<p>\u201cDespu\u00e9s el nombre deja de ser importante y es para identificar a un grupo pol\u00edtico&#8221;, manifest\u00f3 el asesor legal que trabaj\u00f3 durante a\u00f1os junto al hist\u00f3rico apoderado Jorge Landau, fallecido en 2021.<\/p>\n<p>Otro de los puntos centrales que se podr\u00eda definir hoy, aunque hay tiempo legal hasta el lunes 19, son las reglas de participaci\u00f3n en una eventual primaria interna y el piso de porcentajes de votos para la inclusi\u00f3n de las minor\u00edas que participen.<\/p>\n<p>Tambi\u00e9n se tienen que definir los colores que identificar\u00e1n al espacio pol\u00edtico y el logo del mismo. Sobre este punto, el apoderado adelant\u00f3 que &#8220;van a ser los mismos tres que nos han acompa\u00f1ado desde 2011: azul pantone, otro azul un poco m\u00e1s claro y el amarillo, que es por los soles que generalmente ponemos en los logos&#8221;.<\/p>\n","protected":false},"excerpt":{"rendered":"<p>Eduardo L\u00f3pez Wesselhoefft dijo que &#8220;circula &#8216;Unidad Renovadora&#8217;, pero todav\u00eda no est\u00e1 confirmado&#8221;. Adem\u00e1s consider\u00f3 que &#8220;es legal fijar un piso de m\u00e1s del 25 por ciento de los votos en la participaci\u00f3n interna&#8221; &nbsp; &nbsp; El apoderado del Partido Justicialista (PJ) nacional, Eduardo L\u00f3pez Wesselhoefft, confirm\u00f3 este mi\u00e9rcoles que el Frente de Todos &#8220;cambiar\u00e1 su nombre&#8221; para las PASO del 13 de agosto. Este mi\u00e9rcoles a las 23.59 vence el plazo para la presentaci\u00f3n de alianzas partidarias y crecen las especulaciones en el oficialismo cuando restan diez d\u00edas para&#8230;<\/p>\n","protected":false},"author":3,"featured_media":103091,"comment_status":"closed","ping_status":"closed","sticky":false,"template":"","format":"standard","meta":[],"categories":[18],"tags":[],"_links":{"self":[{"href":"https:\/\/www.actualidadadiario.com\/index.php\/wp-json\/wp\/v2\/posts\/103111"}],"collection":[{"href":"https:\/\/www.actualidadadiario.com\/index.php\/wp-json\/wp\/v2\/posts"}],"about":[{"href":"https:\/\/www.actualidadadiario.com\/index.php\/wp-json\/wp\/v2\/types\/post"}],"author":[{"embeddable":true,"href":"https:\/\/www.actualidadadiario.com\/index.php\/wp-json\/wp\/v2\/users\/3"}],"replies":[{"embeddable":true,"href":"https:\/\/www.actualidadadiario.com\/index.php\/wp-json\/wp\/v2\/comments?post=103111"}],"version-history":[{"count":1,"href":"https:\/\/www.actualidadadiario.com\/index.php\/wp-json\/wp\/v2\/posts\/103111\/revisions"}],"predecessor-version":[{"id":103112,"href":"https:\/\/www.actualidadadiario.com\/index.php\/wp-json\/wp\/v2\/posts\/103111\/revisions\/103112"}],"wp:featuredmedia":[{"embeddable":true,"href":"https:\/\/www.actualidadadiario.com\/index.php\/wp-json\/wp\/v2\/media\/103091"}],"wp:attachment":[{"href":"https:\/\/www.actualidadadiario.com\/index.php\/wp-json\/wp\/v2\/media?parent=103111"}],"wp:term":[{"taxonomy":"category","embeddable":true,"href":"https:\/\/www.actualidadadiario.com\/index.php\/wp-json\/wp\/v2\/categories?post=103111"},{"taxonomy":"post_tag","embeddable":true,"href":"https:\/\/www.actualidadadiario.com\/index.php\/wp-json\/wp\/v2\/tags?post=103111"}],"curies":[{"name":"wp","href":"https:\/\/api.w.org\/{rel}","templated":true}]}}