{"id":103108,"date":"2023-06-14T13:35:22","date_gmt":"2023-06-14T16:35:22","guid":{"rendered":"https:\/\/www.actualidadadiario.com\/?p=103108"},"modified":"2023-06-14T13:35:22","modified_gmt":"2023-06-14T16:35:22","slug":"firman-dictamen-de-consenso-del-proyecto-para-tipificar-figura-de-violencia-digital","status":"publish","type":"post","link":"https:\/\/www.actualidadadiario.com\/index.php\/2023\/06\/14\/firman-dictamen-de-consenso-del-proyecto-para-tipificar-figura-de-violencia-digital\/","title":{"rendered":"Firman dictamen de consenso del proyecto para tipificar figura de violencia digital"},"content":{"rendered":"<p style=\"text-align: center;\"><em><strong>La Comisi\u00f3n de Comunicaciones e Inform\u00e1tica de la C\u00e1mara de Diputados emiti\u00f3 hoy dictamen de un proyecto de consenso que re\u00fane dos iniciativas para modificar la Ley 26.485 sobre Protecci\u00f3n Integral a las Mujeres con el fin de incorporar la figura de la &#8220;violencia digital&#8221;<\/strong><\/em><\/p>\n<p>&nbsp;<\/p>\n<p>&nbsp;<\/p>\n<p>La iniciativa ya ten\u00eda el aval de la Comisi\u00f3n de Mujeres, G\u00e9nero y Diversidad, y con el dictamen de la comisi\u00f3n de Comunicaciones qued\u00f3 en condiciones de ser tratado en el recinto.<\/p>\n<p>El encuentro fue encabezado por la vicepresidenta de la comisi\u00f3n, la radical Karina Banfi, ya que por cuestiones de salud el presidente de Comunicaciones, Pablo Carro (Frente de Todos), no pudo asistir.<\/p>\n<p>En la oportunidad, se produjo un cruce entre diputados del oficialismo y la oposici\u00f3n a partir de un planteo de Florencia Lampreabe (FdT) que propuso enmarcar la cuesti\u00f3n con la violencia pol\u00edtica contra las mujeres en redes y su vinculaci\u00f3n con el intento de magnicidio a la vicepresidenta Cristina Fern\u00e1ndez de Kirchner y dijo que \u201ceste no es un hecho aislado y tuvo que ver con lo que ocurre en las plataformas\u201d.<\/p>\n<p>\u201cTenemos que tomar el compromiso de ver c\u00f3mo defendemos nuestra democracia para que se pueda a trav\u00e9s de las redes autoreguladas por empresas privadas condicionar o que queden por fuera de las normativas vigentes y pueda ser un factor que pueda poner en riesgo a la democracia porque termina en el paso a la violencia de un tipo gatill\u00e1ndole en la cabeza a la vicepresidenta\u201d, dijo Lampreabe.<\/p>\n<p>Esas afirmaciones fueron rechazadas por la diputada del PRO Sabrina Ajmechet, quien consider\u00f3 \u201clamentable que busquen ensuciar con el trabajo que han puesto qui\u00e9nes idearon el proyecto con la visi\u00f3n de la diputada preopinante de una mirada ideologizada, donde no hay una verdad absoluta\u201d.<\/p>\n<p>Del mismo modo, se expres\u00f3 Paula Omodeo (Creo-Tucum\u00e1n) quien dijo que \u201cen vez de poner el problema en el centro y generar consensos, lo que acabamos de hacer es ideologizar una comisi\u00f3n. Ponemos cuestiones pol\u00edticas en medio en vez de solucionar los problemas de los argentinos\u201d.<\/p>\n<p>La diputada del Frente de Todos Maria Rosa Mart\u00ednez defendi\u00f3 la postura de Lampreabe y sostuvo que \u201cincorporar en el tema de violencia digital la perspectiva de la violencia pol\u00edtica me parece imprescindible, es una acci\u00f3n que lo que hace es corroborar la dimensi\u00f3n a la que estamos sometidas todas las que participamos de ella\u201d.<\/p>\n<p>Luego de estos planteos, el texto de consenso se firm\u00f3 y qued\u00f3 en condiciones de ser debatido en el recinto en la pr\u00f3xima sesi\u00f3n.<\/p>\n<p>El proyecto denominado \u201cLey Olimpia Argentina\u201d en reconocimiento a la activista mexicana Olimpia Coral Melo, propone reformar la ley de G\u00e9nero y contempla un proyecto de la diputada del oficialismo M\u00f3nica Macha y una iniciativa similar de Danya Tavela, de Evoluci\u00f3n Radical.<\/p>\n<p>La iniciativa fue presentada en julio pasado en un encuentro que cont\u00f3 con la presencia de la exministra de Mujeres y Diversidad Elizabeth G\u00f3mez Alcorta, el espacio de v\u00edctimas \u201cLey Olimpia Argentina\u201d y la organizaci\u00f3n G\u00e9nero y TIC.<\/p>\n<p>Esas organizaciones de la sociedad civil, reunidas en una \u201ccampa\u00f1a contra la violencia digital\u201d, vienen llevando adelante un trabajo de recolecci\u00f3n de firmas en reclamo de la sanci\u00f3n de esta normativa, que lleva reunidas m\u00e1s de 34.000 adhesiones (http:\/\/Change.org\/ContraLaViolenciaDigital).<\/p>\n<p>El proyecto de violencia digital plantea que se entiende por violencia contra las mujeres \u201ctoda conducta, acci\u00f3n u omisi\u00f3n, que, de manera directa o indirecta, tanto en el \u00e1mbito p\u00fablico como en el privado, en el plano anal\u00f3gico o virtual, basada en una relaci\u00f3n desigual de poder, afecte su vida, libertad, dignidad, integridad f\u00edsica, psicol\u00f3gica, sexual, econ\u00f3mica o patrimonial, como as\u00ed tambi\u00e9n su seguridad personal\u201d.<\/p>\n","protected":false},"excerpt":{"rendered":"<p>La Comisi\u00f3n de Comunicaciones e Inform\u00e1tica de la C\u00e1mara de Diputados emiti\u00f3 hoy dictamen de un proyecto de consenso que re\u00fane dos iniciativas para modificar la Ley 26.485 sobre Protecci\u00f3n Integral a las Mujeres con el fin de incorporar la figura de la &#8220;violencia digital&#8221; &nbsp; &nbsp; La iniciativa ya ten\u00eda el aval de la Comisi\u00f3n de Mujeres, G\u00e9nero y Diversidad, y con el dictamen de la comisi\u00f3n de Comunicaciones qued\u00f3 en condiciones de ser tratado en el recinto. El encuentro fue encabezado por la vicepresidenta de la comisi\u00f3n, la&#8230;<\/p>\n","protected":false},"author":3,"featured_media":103109,"comment_status":"closed","ping_status":"closed","sticky":false,"template":"","format":"standard","meta":[],"categories":[18],"tags":[],"_links":{"self":[{"href":"https:\/\/www.actualidadadiario.com\/index.php\/wp-json\/wp\/v2\/posts\/103108"}],"collection":[{"href":"https:\/\/www.actualidadadiario.com\/index.php\/wp-json\/wp\/v2\/posts"}],"about":[{"href":"https:\/\/www.actualidadadiario.com\/index.php\/wp-json\/wp\/v2\/types\/post"}],"author":[{"embeddable":true,"href":"https:\/\/www.actualidadadiario.com\/index.php\/wp-json\/wp\/v2\/users\/3"}],"replies":[{"embeddable":true,"href":"https:\/\/www.actualidadadiario.com\/index.php\/wp-json\/wp\/v2\/comments?post=103108"}],"version-history":[{"count":1,"href":"https:\/\/www.actualidadadiario.com\/index.php\/wp-json\/wp\/v2\/posts\/103108\/revisions"}],"predecessor-version":[{"id":103110,"href":"https:\/\/www.actualidadadiario.com\/index.php\/wp-json\/wp\/v2\/posts\/103108\/revisions\/103110"}],"wp:featuredmedia":[{"embeddable":true,"href":"https:\/\/www.actualidadadiario.com\/index.php\/wp-json\/wp\/v2\/media\/103109"}],"wp:attachment":[{"href":"https:\/\/www.actualidadadiario.com\/index.php\/wp-json\/wp\/v2\/media?parent=103108"}],"wp:term":[{"taxonomy":"category","embeddable":true,"href":"https:\/\/www.actualidadadiario.com\/index.php\/wp-json\/wp\/v2\/categories?post=103108"},{"taxonomy":"post_tag","embeddable":true,"href":"https:\/\/www.actualidadadiario.com\/index.php\/wp-json\/wp\/v2\/tags?post=103108"}],"curies":[{"name":"wp","href":"https:\/\/api.w.org\/{rel}","templated":true}]}}