{"id":103096,"date":"2023-06-14T13:00:09","date_gmt":"2023-06-14T16:00:09","guid":{"rendered":"https:\/\/www.actualidadadiario.com\/?p=103096"},"modified":"2023-06-14T13:00:09","modified_gmt":"2023-06-14T16:00:09","slug":"reunion-clave-para-el-frente-de-todos-cristina-recibio-a-sergio-massa-y-a-wado-de-pedro","status":"publish","type":"post","link":"https:\/\/www.actualidadadiario.com\/index.php\/2023\/06\/14\/reunion-clave-para-el-frente-de-todos-cristina-recibio-a-sergio-massa-y-a-wado-de-pedro\/","title":{"rendered":"Reuni\u00f3n clave para el Frente de Todos: Cristina recibi\u00f3 a Sergio Massa y a Wado de Pedro"},"content":{"rendered":"<p style=\"text-align: center;\"><em><strong>La vicepresidenta apura las definiciones en la interna del Frente de Todos y mantuvo reuniones en el Senado. Tambi\u00e9n pasaron M\u00e1ximo Kirchner, Sergio Berni y Mario Ishii<\/strong><\/em><\/p>\n<p>&nbsp;<\/p>\n<p>&nbsp;<\/p>\n<p>La vicepresidentaCristina Kirchner se reuni\u00f3 con los principales aspirantes presidenciales en la interna del Frente de Todos: el ministro de Econom\u00eda, Sergio Massa, y el del interior, Eduardo &#8220;Wado&#8221; de Pedro.<\/p>\n<p>El encuentro tuvo lugar en el despacho de la vicepresidenta en el primer piso del Senado.<\/p>\n<p>El ministro de Econom\u00eda lleg\u00f3 a la oficina despu\u00e9s de la presentaci\u00f3n del anuncio de inversi\u00f3n que realiz\u00f3 la automotriz Ford para producir la Nueva Ranger en Argentina.<\/p>\n<p>Mientras tanto, el ministro del Interior pas\u00f3 por el Congreso antes de encabezar un acto en Ezeiza junto al intendente local, Alejandro Granados.<\/p>\n<p>Cristina Kirchner todav\u00eda no ha nombrado a un favorito p\u00fablicamente para competir por el Poder Ejecutivo.\u00a0 Adem\u00e1s, no est\u00e1 definido si habr\u00e1 PASO o si se podr\u00e1 encontrar el consenso que permita un candidato \u00fanico.<\/p>\n<p>Hoy vence el plazo para la inscripci\u00f3n de alianzas, en tanto que para presentar candidaturas hay tiempo hasta el 24 de junio.<\/p>\n<p>Massa trabaja con su equipo en ajustar las metas previstas en el acuerdo con el Fondo Monetario Internacional (FMI).<\/p>\n<p>De hecho, durante el acto que encabez\u00f3 en General Pacheco, asegur\u00f3 que este lunes mantuvo varias reuniones en las que reconocieron que &#8220;la Argentina tiene un ancla que el Gobierno anterior dej\u00f3 y que condiciona el desarrollo&#8221;.<\/p>\n<p>&#8220;Hablamos de importaciones y exportaciones y el fortalecimiento de reservas&#8221;, detall\u00f3 el titular del Palacio de Hacienda, y en ese marco destac\u00f3 el &#8220;da\u00f1o que la sequ\u00eda gener\u00f3&#8221;.<\/p>\n<p>Durante su visita al Congreso, Massa tambi\u00e9n pas\u00f3 por la puerta del recinto de Diputados, una c\u00e1mara que conoce a la perfecci\u00f3n tras su gesti\u00f3n como titular de esa c\u00e1mara.<\/p>\n<p>Adem\u00e1s el senador nacional del Frente de Todos Oscar Parrilli public\u00f3 en su cuenta de Twitter que hab\u00eda recibido en su despacho a Massa &#8220;para hablar de las represas sobre el R\u00edo Limay&#8221;.<\/p>\n<p>Para este martes, la titular del Senado tambi\u00e9n ten\u00eda en agenda la visita del diputado y titular del PJ Bonaerense, M\u00e1ximo Kirchner; el ministro de Seguridad bonaerense, Sergio Berni; y del intendente de Jos\u00e9 C. Paz, Mario Ishii.<\/p>\n","protected":false},"excerpt":{"rendered":"<p>La vicepresidenta apura las definiciones en la interna del Frente de Todos y mantuvo reuniones en el Senado. Tambi\u00e9n pasaron M\u00e1ximo Kirchner, Sergio Berni y Mario Ishii &nbsp; &nbsp; La vicepresidentaCristina Kirchner se reuni\u00f3 con los principales aspirantes presidenciales en la interna del Frente de Todos: el ministro de Econom\u00eda, Sergio Massa, y el del interior, Eduardo &#8220;Wado&#8221; de Pedro. El encuentro tuvo lugar en el despacho de la vicepresidenta en el primer piso del Senado. El ministro de Econom\u00eda lleg\u00f3 a la oficina despu\u00e9s de la presentaci\u00f3n del anuncio&#8230;<\/p>\n","protected":false},"author":3,"featured_media":103097,"comment_status":"closed","ping_status":"closed","sticky":false,"template":"","format":"standard","meta":[],"categories":[18],"tags":[],"_links":{"self":[{"href":"https:\/\/www.actualidadadiario.com\/index.php\/wp-json\/wp\/v2\/posts\/103096"}],"collection":[{"href":"https:\/\/www.actualidadadiario.com\/index.php\/wp-json\/wp\/v2\/posts"}],"about":[{"href":"https:\/\/www.actualidadadiario.com\/index.php\/wp-json\/wp\/v2\/types\/post"}],"author":[{"embeddable":true,"href":"https:\/\/www.actualidadadiario.com\/index.php\/wp-json\/wp\/v2\/users\/3"}],"replies":[{"embeddable":true,"href":"https:\/\/www.actualidadadiario.com\/index.php\/wp-json\/wp\/v2\/comments?post=103096"}],"version-history":[{"count":1,"href":"https:\/\/www.actualidadadiario.com\/index.php\/wp-json\/wp\/v2\/posts\/103096\/revisions"}],"predecessor-version":[{"id":103098,"href":"https:\/\/www.actualidadadiario.com\/index.php\/wp-json\/wp\/v2\/posts\/103096\/revisions\/103098"}],"wp:featuredmedia":[{"embeddable":true,"href":"https:\/\/www.actualidadadiario.com\/index.php\/wp-json\/wp\/v2\/media\/103097"}],"wp:attachment":[{"href":"https:\/\/www.actualidadadiario.com\/index.php\/wp-json\/wp\/v2\/media?parent=103096"}],"wp:term":[{"taxonomy":"category","embeddable":true,"href":"https:\/\/www.actualidadadiario.com\/index.php\/wp-json\/wp\/v2\/categories?post=103096"},{"taxonomy":"post_tag","embeddable":true,"href":"https:\/\/www.actualidadadiario.com\/index.php\/wp-json\/wp\/v2\/tags?post=103096"}],"curies":[{"name":"wp","href":"https:\/\/api.w.org\/{rel}","templated":true}]}}