{"id":103090,"date":"2023-06-14T12:58:04","date_gmt":"2023-06-14T15:58:04","guid":{"rendered":"https:\/\/www.actualidadadiario.com\/?p=103090"},"modified":"2023-06-14T13:33:46","modified_gmt":"2023-06-14T16:33:46","slug":"dudas-en-el-frente-de-todos-y-un-posible-cambio-de-nombre","status":"publish","type":"post","link":"https:\/\/www.actualidadadiario.com\/index.php\/2023\/06\/14\/dudas-en-el-frente-de-todos-y-un-posible-cambio-de-nombre\/","title":{"rendered":"Dudas en el Frente de Todos y un posible cambio de nombre"},"content":{"rendered":"<p style=\"text-align: center;\"><em><strong>En la recta final de las negociaciones, la gran duda contin\u00faa siendo si se habilitar\u00e1 o no la competencia interna para definir el candidato presidencial del espacio<\/strong><\/em><\/p>\n<p>&nbsp;<\/p>\n<p>&nbsp;<\/p>\n<p>El oficialismo define por estas horas la conformaci\u00f3n del frente electoral, en medio de fricciones internas y el m\u00e1s absoluto hermetismo, dado que el plazo para presentar las alianzas electorales vencer\u00e1 a las 23:59 de este mi\u00e9rcoles pero a\u00fan hay dudas acerca de si se habilitar\u00e1n las PASO y se analiza un posible cambio de nombre.<\/p>\n<p>En la recta final de las negociaciones, a horas de que venza el plazo para presentar las alianzas electorales, la gran duda es si se habilitar\u00e1 o no la competencia interna para definir el candidato presidencial del espacio, una pregunta que sigue sin respuesta por parte de los principales dirigentes del espacio.<\/p>\n<p>Los apoderados de los diferentes partidos que integran la coalici\u00f3n de gobierno &#8220;est\u00e1n trabajando en el reglamento interno y la f\u00f3rmula de distribuci\u00f3n&#8221; de los lugares de las listas, de la cara a la elecci\u00f3n general del pr\u00f3ximo 24 de octubre.<\/p>\n<p>El oficialismo deber\u00e1 inscribir este mi\u00e9rcoles la nueva alianza electoral con la que se presentar\u00e1 en los comicios para la categor\u00eda Presidente y vice ante el juzgado de Mar\u00eda Servini. En tanto, los partidos pol\u00edticos que hasta hoy integran el Frente de Todos volver\u00edan a manifestar su voluntad de volver a competir juntos.<\/p>\n<p>Adem\u00e1s, deber\u00e1n exhibir ante la Justicia Electoral Nacional el acta constitutiva del Frente, donde fijar\u00e1n las condiciones para quienes quieran inscribir las f\u00f3rmulas presidenciales el pr\u00f3ximo 24 de junio.<\/p>\n<p>Desde el kirchnerismo, el massismo y el sector af\u00edn al presidente Alberto Fern\u00e1ndez confirmaron a NA que se est\u00e1n transitando horas de extrema tensi\u00f3n con negociaciones entre las diferentes facciones del oficialismo para terminar de diagramar la &#8220;letra chica&#8221; del reglamento.<\/p>\n<p>Seg\u00fan fuentes al tanto las conversaciones, uno de los puntos m\u00e1s controvertidos por estas horas es el porcentaje en el que se fijar\u00e1 la representaci\u00f3n de las minor\u00edas, es decir el piso que se le establecer\u00e1 a la n\u00f3mina que salga segunda en las elecciones primarias para que pueda integrarse a la lista definitiva de legisladores nacionales en los comicios generales.<\/p>\n<p>Desde el sector m\u00e1s cercano al jefe de Estado recordaron que &#8220;el 25 es el piso hist\u00f3rico del Partido Justicialista&#8221;, mientras que desde el massismo y el kirchnerismo hablaban de &#8220;subir el umbral para acceder a las minor\u00edas, cerca del 40&#8221;.<\/p>\n<p>&#8220;Nada est\u00e1 cerrado&#8221;, grafic\u00f3 una importante fuente del Frente de Todos luego de que la vicepresidenta Cristina Kirchner encabez\u00f3 este martes un encuentro en su despacho del Senado con los ministros Sergio Massa (Econom\u00eda) y Eduardo &#8220;Wado&#8221; de Pedro (Interior).<\/p>\n<p>Lo cierto es que quien tiene la lapicera para suscribir la alianza electoral es el gobernador de Formosa y presidente del Congreso del PJ, Gildo Insfr\u00e1n, quien este martes arrib\u00f3 a la Ciudad de Buenos Aires para encabezar una serie de encuentros que le permitan terminar de delinear la letra chica del Frente.<\/p>\n<p>En medio de la presiones ejercidas por una parte de la coalici\u00f3n para que el embajador en Brasil, Daniel Scioli, decline su aspiraci\u00f3n presidencial, Insfr\u00e1n se reuni\u00f3 con el ministro de Seguridad y designado &#8220;apoderado&#8221; de la candidatura del ex motonauta.<\/p>\n<p>&#8220;Tenemos los avales. Daniel no se baja. \u00bfPor qu\u00e9 deber\u00eda de bajarse? En este contexto es necesaria la participaci\u00f3n de la ciudadan\u00eda. El pueblo tiene que elegir al candidato para potenciar el espacio y que la militancia tambi\u00e9n se sienta atra\u00edda a traccionar votos&#8221;, argumentaron a Noticias Argentinas desde el sciolismo.<\/p>\n<p>Adem\u00e1s, consideraron que &#8220;designar a un candidato con el dedo puede ser a\u00fan peor en un escenario de tres tercios como el actual&#8221; y subrayaron: &#8220;Las PASO sirven para vigorizar el espacio, no para achicarlo&#8221;.<\/p>\n<p>Finalmente, fuentes cercanas al jefe de Estado afirmaron que &#8220;el armado de Scioli no es el armado del Presidente&#8221;, ya que &#8220;Alberto no mostr\u00f3 ni mostrar\u00e1 preferencia por ninguno, sino que solo acompa\u00f1ar\u00e1 al Frente de Todos con la estrategia que se dise\u00f1e&#8221;.<\/p>\n<p>&nbsp;<\/p>\n","protected":false},"excerpt":{"rendered":"<p>En la recta final de las negociaciones, la gran duda contin\u00faa siendo si se habilitar\u00e1 o no la competencia interna para definir el candidato presidencial del espacio &nbsp; &nbsp; El oficialismo define por estas horas la conformaci\u00f3n del frente electoral, en medio de fricciones internas y el m\u00e1s absoluto hermetismo, dado que el plazo para presentar las alianzas electorales vencer\u00e1 a las 23:59 de este mi\u00e9rcoles pero a\u00fan hay dudas acerca de si se habilitar\u00e1n las PASO y se analiza un posible cambio de nombre. En la recta final de&#8230;<\/p>\n","protected":false},"author":3,"featured_media":103104,"comment_status":"closed","ping_status":"closed","sticky":false,"template":"","format":"standard","meta":[],"categories":[9],"tags":[],"_links":{"self":[{"href":"https:\/\/www.actualidadadiario.com\/index.php\/wp-json\/wp\/v2\/posts\/103090"}],"collection":[{"href":"https:\/\/www.actualidadadiario.com\/index.php\/wp-json\/wp\/v2\/posts"}],"about":[{"href":"https:\/\/www.actualidadadiario.com\/index.php\/wp-json\/wp\/v2\/types\/post"}],"author":[{"embeddable":true,"href":"https:\/\/www.actualidadadiario.com\/index.php\/wp-json\/wp\/v2\/users\/3"}],"replies":[{"embeddable":true,"href":"https:\/\/www.actualidadadiario.com\/index.php\/wp-json\/wp\/v2\/comments?post=103090"}],"version-history":[{"count":1,"href":"https:\/\/www.actualidadadiario.com\/index.php\/wp-json\/wp\/v2\/posts\/103090\/revisions"}],"predecessor-version":[{"id":103092,"href":"https:\/\/www.actualidadadiario.com\/index.php\/wp-json\/wp\/v2\/posts\/103090\/revisions\/103092"}],"wp:featuredmedia":[{"embeddable":true,"href":"https:\/\/www.actualidadadiario.com\/index.php\/wp-json\/wp\/v2\/media\/103104"}],"wp:attachment":[{"href":"https:\/\/www.actualidadadiario.com\/index.php\/wp-json\/wp\/v2\/media?parent=103090"}],"wp:term":[{"taxonomy":"category","embeddable":true,"href":"https:\/\/www.actualidadadiario.com\/index.php\/wp-json\/wp\/v2\/categories?post=103090"},{"taxonomy":"post_tag","embeddable":true,"href":"https:\/\/www.actualidadadiario.com\/index.php\/wp-json\/wp\/v2\/tags?post=103090"}],"curies":[{"name":"wp","href":"https:\/\/api.w.org\/{rel}","templated":true}]}}