{"id":103088,"date":"2023-06-14T12:56:44","date_gmt":"2023-06-14T15:56:44","guid":{"rendered":"https:\/\/www.actualidadadiario.com\/?p=103088"},"modified":"2023-06-14T12:56:44","modified_gmt":"2023-06-14T15:56:44","slug":"con-internas-y-mas-dudas-que-certezas-jxc-se-reune-para-cerrar-nombre-y-alianzas","status":"publish","type":"post","link":"https:\/\/www.actualidadadiario.com\/index.php\/2023\/06\/14\/con-internas-y-mas-dudas-que-certezas-jxc-se-reune-para-cerrar-nombre-y-alianzas\/","title":{"rendered":"Con internas y m\u00e1s dudas que certezas, JXC se re\u00fane para cerrar nombre y alianzas"},"content":{"rendered":"<p style=\"text-align: center;\"><em><strong>La principal coalici\u00f3n opositora deber\u00e1 dejar de lado de las internas y ponerse de acuerdo este mi\u00e9rcoles a solo horas del cierre de presentaci\u00f3n de alianzas. Si bien el nombre parece estar definido, habr\u00e1 fuertes negociaciones por constituir la junta electoral y un reglamento para las PASO<\/strong><\/em><\/p>\n<p>&nbsp;<\/p>\n<p>&nbsp;<\/p>\n<p>Este mi\u00e9rcoles 14 de junio a la medianoche vence el plazo para la presentaci\u00f3n de alianzas electorales y en medio del estallido de la interna de Juntos por el Cambio por la incorporaci\u00f3n o no de nuevos socios, la coalici\u00f3n opositora debe definir nombre y alianzas. Adem\u00e1s, este mi\u00e9rcoles buscar\u00e1 constituir la junta y un reglamento electoral.<\/p>\n<p>Hasta ahora se conoce oficialmente que se sumar\u00e1n a la alianza el liberal Jos\u00e9 Luis Espert y la referente del GEN Margarita Stolbizer. Mientras que lo que trajo m\u00faltiples cruces entre el ala dura del\u00a0 PRO, encabezada por Mauricio Macri y Patricia Bullrich, con Horacio Rodr\u00edguez Larreta y el l\u00edder de la UCR Gerardo Morales no suceder\u00e1 porque el gobernador de C\u00f3rdoba, el peronista Juan Schiaretti\u00a0 inscribir\u00e1 su propia alianza, Hacemos por Nuestro Pa\u00eds.<\/p>\n<p>Desde el larretismo, insisten en el ingreso de Schiaretti en una lista propia como extrapartidario o tambi\u00e9n en alguna n\u00f3mina de Encuentro Republicano Federal, que lidera Miguel \u00c1ngel Pichetto y analizan una f\u00f3rmula\u00a0 para sumar al peronismo no kirchnerista a la coalici\u00f3n opositora antes de que cierre la presentaci\u00f3n de las listas en 10 d\u00edas. Pero el mandatario cordob\u00e9s ya manifest\u00f3 p\u00fablicamente que no se quiere sumar a JxC debido a la incorporaci\u00f3n de Espert.<\/p>\n<p>La incorporaci\u00f3n del liberal fue inicialmente resistida por Macri y Bullrich porque todo parec\u00eda ser una maniobra para sacarle votos a la candidata presidencial del PRO. Esta batalla s\u00ed la gan\u00f3 el larretismo porque finalmente Bullrich cedi\u00f3 a que incluso que el diputado liberal se integre el espacio como candidato presidencial.<\/p>\n<p>Respecto al nombre, no hay mayor\u00eda para modificarlo e incluso la Convenci\u00f3n Nacional de la UCR aprob\u00f3 la ampliaci\u00f3n del frente, pero ratific\u00f3 la marca Juntos por el Cambio. Espert tambi\u00e9n insist\u00eda en cambiar el nombre para a\u00f1adir la palabra \u201clibertad\u201d. Algo que parece que no se concretar\u00eda.<\/p>\n<p>Este mi\u00e9rcoles los jefes de los cuatro partidos que integran Juntos por el Cambio se reunir\u00e1n para buscar un acuerdo pol\u00edtico que permita superar las diferencias antes de que venza el plazo legal, y habr\u00e1 negociaciones para constituir la junta electoral y elaborar un reglamento que establezca los pisos y porcentajes para la integraci\u00f3n de las listas despu\u00e9s de las PASO. Tambi\u00e9n se definir\u00e1\u00a0 ingreso de fuerzas como el Movimiento de Integraci\u00f3n y Desarrollo (MID).<\/p>\n<p>Al encuentro concurrir\u00e1n Federico Angelini, del PRO; Gerardo Morales, de la UCR, Maximiliano Ferrero, de la Coalici\u00f3n C\u00edvica, y Miguel \u00c1ngel Pichetto, de Encuentro Republicano Federal.<\/p>\n<p>Los detalles del reglamento electoral que discuten se complican por la pelea para repartir los espacios de poder y los tironeos para integrar las listas de candidatos. Bullrich ya anunci\u00f3 que presentar\u00e1 listas propias en todas las provincias y en los 135 municipios de la provincia de Buenos Aires, mientras que el larretismo, que insist\u00eda en listas de unidad, cambi\u00f3 de estrategia ante la ofensiva de la precandidata y avanza con la conformaci\u00f3n de n\u00f3minas para disputarle el poder a la ex ministra de Seguridad.<\/p>\n<p>En medio de los intensos cruces del PRO, donde, adem\u00e1s suman fogonazos Morales y la l\u00edder de la Coalici\u00f3n C\u00edvica, Elisa Carri\u00f3, tambalean las candidaturas presidenciales de radicales como Gerardo Morales y Facundo Manes. El jefe de la UCR lo ratific\u00f3 antes de la Convenci\u00f3n Nacional del partido, pero en los pasillos de Parque Norte, donde deliberaron los radicales. Al d\u00eda siguiente el radical no descart\u00f3 una f\u00f3rmula con Larreta.<\/p>\n<p>Por el lado de Bullrich, un candidato firme para secundarla es Maximiliano Abad, jefe de la UCR bonaerense, auspiciado por Ernesto Sanz aportar\u00eda el peso del radicalismo en el interior de la provincia de Buenos Aires, un apoyo clave para facilitar el triunfo de N\u00e9stor Grindetti como candidato a gobernador ante el larretista Diego Santilli. Y las negociaciones todav\u00eda no est\u00e1n cerradas.<\/p>\n","protected":false},"excerpt":{"rendered":"<p>La principal coalici\u00f3n opositora deber\u00e1 dejar de lado de las internas y ponerse de acuerdo este mi\u00e9rcoles a solo horas del cierre de presentaci\u00f3n de alianzas. Si bien el nombre parece estar definido, habr\u00e1 fuertes negociaciones por constituir la junta electoral y un reglamento para las PASO &nbsp; &nbsp; Este mi\u00e9rcoles 14 de junio a la medianoche vence el plazo para la presentaci\u00f3n de alianzas electorales y en medio del estallido de la interna de Juntos por el Cambio por la incorporaci\u00f3n o no de nuevos socios, la coalici\u00f3n opositora&#8230;<\/p>\n","protected":false},"author":3,"featured_media":97333,"comment_status":"closed","ping_status":"closed","sticky":false,"template":"","format":"standard","meta":[],"categories":[9],"tags":[],"_links":{"self":[{"href":"https:\/\/www.actualidadadiario.com\/index.php\/wp-json\/wp\/v2\/posts\/103088"}],"collection":[{"href":"https:\/\/www.actualidadadiario.com\/index.php\/wp-json\/wp\/v2\/posts"}],"about":[{"href":"https:\/\/www.actualidadadiario.com\/index.php\/wp-json\/wp\/v2\/types\/post"}],"author":[{"embeddable":true,"href":"https:\/\/www.actualidadadiario.com\/index.php\/wp-json\/wp\/v2\/users\/3"}],"replies":[{"embeddable":true,"href":"https:\/\/www.actualidadadiario.com\/index.php\/wp-json\/wp\/v2\/comments?post=103088"}],"version-history":[{"count":1,"href":"https:\/\/www.actualidadadiario.com\/index.php\/wp-json\/wp\/v2\/posts\/103088\/revisions"}],"predecessor-version":[{"id":103089,"href":"https:\/\/www.actualidadadiario.com\/index.php\/wp-json\/wp\/v2\/posts\/103088\/revisions\/103089"}],"wp:featuredmedia":[{"embeddable":true,"href":"https:\/\/www.actualidadadiario.com\/index.php\/wp-json\/wp\/v2\/media\/97333"}],"wp:attachment":[{"href":"https:\/\/www.actualidadadiario.com\/index.php\/wp-json\/wp\/v2\/media?parent=103088"}],"wp:term":[{"taxonomy":"category","embeddable":true,"href":"https:\/\/www.actualidadadiario.com\/index.php\/wp-json\/wp\/v2\/categories?post=103088"},{"taxonomy":"post_tag","embeddable":true,"href":"https:\/\/www.actualidadadiario.com\/index.php\/wp-json\/wp\/v2\/tags?post=103088"}],"curies":[{"name":"wp","href":"https:\/\/api.w.org\/{rel}","templated":true}]}}