{"id":103083,"date":"2023-06-14T12:54:43","date_gmt":"2023-06-14T15:54:43","guid":{"rendered":"https:\/\/www.actualidadadiario.com\/?p=103083"},"modified":"2023-06-14T12:54:43","modified_gmt":"2023-06-14T15:54:43","slug":"el-indec-da-a-conocer-la-inflacion-de-mayo","status":"publish","type":"post","link":"https:\/\/www.actualidadadiario.com\/index.php\/2023\/06\/14\/el-indec-da-a-conocer-la-inflacion-de-mayo\/","title":{"rendered":"El Indec da a conocer la inflaci\u00f3n de mayo"},"content":{"rendered":"<p style=\"text-align: center;\"><em><strong>Seg\u00fan consultoras privadas, la misma podr\u00eda rondar los 9 puntos porcentuales<\/strong><\/em><\/p>\n<p>&nbsp;<\/p>\n<p>&nbsp;<\/p>\n<p>El Instituto Nacional de Estad\u00edstica y Censos (Indec) dar\u00e1 a conocer esta tarde la variaci\u00f3n que registr\u00f3 el \u00cdndice de Precios del Consumidor (IPC) durante mayo, luego de la suba del 8,4% registrada en abril pasado.<\/p>\n<p>Las consultoras privadas que participaron del Relevamiento de Expectativas del Mercado (REM), difundido el viernes por el Banco Central (BCRA), estimaron que la inflaci\u00f3n de mayo se ubic\u00f3 en torno al 9%.<\/p>\n<p>No obstante, desde el Ministerio de Econom\u00eda estiman que el IPC ser\u00e1 menor al 9% e incluso inferior al 8,4% de abril pasado.<\/p>\n<p>A modo de antecedente citan que la suba de precios en la ciudad de Buenos Aires fue del 7,5%; y que en C\u00f3rdoba capital se ubic\u00f3 en 7,98%.<\/p>\n<p>En mayo, en CABA se destac\u00f3 la baja de los precios de los \u201cproductos estacionales\u201d como frutas y verduras, luego de que en marzo y en abril, debido a la sequ\u00eda y la ola de calor, marcaran fuertes subas por inconvenientes en la producci\u00f3n.<\/p>\n<p>Por su parte, las consultoras privadas, que ven\u00edan estimando niveles de inflaci\u00f3n por debajo de los que terminaba informando el Indec, argumentaron que en la inflaci\u00f3n de mayo impact\u00f3 la suba de las tarifas de los servicios regulados, como la energ\u00eda el\u00e9ctrica, el gas, el transporte, as\u00ed como las cuotas de los colegios.<\/p>\n","protected":false},"excerpt":{"rendered":"<p>Seg\u00fan consultoras privadas, la misma podr\u00eda rondar los 9 puntos porcentuales &nbsp; &nbsp; El Instituto Nacional de Estad\u00edstica y Censos (Indec) dar\u00e1 a conocer esta tarde la variaci\u00f3n que registr\u00f3 el \u00cdndice de Precios del Consumidor (IPC) durante mayo, luego de la suba del 8,4% registrada en abril pasado. Las consultoras privadas que participaron del Relevamiento de Expectativas del Mercado (REM), difundido el viernes por el Banco Central (BCRA), estimaron que la inflaci\u00f3n de mayo se ubic\u00f3 en torno al 9%. No obstante, desde el Ministerio de Econom\u00eda estiman que&#8230;<\/p>\n","protected":false},"author":3,"featured_media":94813,"comment_status":"closed","ping_status":"closed","sticky":false,"template":"","format":"standard","meta":[],"categories":[2],"tags":[],"_links":{"self":[{"href":"https:\/\/www.actualidadadiario.com\/index.php\/wp-json\/wp\/v2\/posts\/103083"}],"collection":[{"href":"https:\/\/www.actualidadadiario.com\/index.php\/wp-json\/wp\/v2\/posts"}],"about":[{"href":"https:\/\/www.actualidadadiario.com\/index.php\/wp-json\/wp\/v2\/types\/post"}],"author":[{"embeddable":true,"href":"https:\/\/www.actualidadadiario.com\/index.php\/wp-json\/wp\/v2\/users\/3"}],"replies":[{"embeddable":true,"href":"https:\/\/www.actualidadadiario.com\/index.php\/wp-json\/wp\/v2\/comments?post=103083"}],"version-history":[{"count":1,"href":"https:\/\/www.actualidadadiario.com\/index.php\/wp-json\/wp\/v2\/posts\/103083\/revisions"}],"predecessor-version":[{"id":103084,"href":"https:\/\/www.actualidadadiario.com\/index.php\/wp-json\/wp\/v2\/posts\/103083\/revisions\/103084"}],"wp:featuredmedia":[{"embeddable":true,"href":"https:\/\/www.actualidadadiario.com\/index.php\/wp-json\/wp\/v2\/media\/94813"}],"wp:attachment":[{"href":"https:\/\/www.actualidadadiario.com\/index.php\/wp-json\/wp\/v2\/media?parent=103083"}],"wp:term":[{"taxonomy":"category","embeddable":true,"href":"https:\/\/www.actualidadadiario.com\/index.php\/wp-json\/wp\/v2\/categories?post=103083"},{"taxonomy":"post_tag","embeddable":true,"href":"https:\/\/www.actualidadadiario.com\/index.php\/wp-json\/wp\/v2\/tags?post=103083"}],"curies":[{"name":"wp","href":"https:\/\/api.w.org\/{rel}","templated":true}]}}