{"id":103069,"date":"2023-06-14T12:49:29","date_gmt":"2023-06-14T15:49:29","guid":{"rendered":"https:\/\/www.actualidadadiario.com\/?p=103069"},"modified":"2023-06-14T12:49:29","modified_gmt":"2023-06-14T15:49:29","slug":"bordet-sobre-el-cierre-de-listas-la-prioridad-no-es-la-sumatoria-de-nombres-sino-tener-un-plan-de-gobierno","status":"publish","type":"post","link":"https:\/\/www.actualidadadiario.com\/index.php\/2023\/06\/14\/bordet-sobre-el-cierre-de-listas-la-prioridad-no-es-la-sumatoria-de-nombres-sino-tener-un-plan-de-gobierno\/","title":{"rendered":"Bordet sobre el cierre de listas: \u201cLa prioridad no es la sumatoria de nombres, sino tener un plan de gobierno\u201d"},"content":{"rendered":"<p style=\"text-align: center;\"><em><strong>Lo dijo el gobernador Gustavo Bordet en el marco del cierre de listas y ante la consulta sobre la gran cantidad de partidos que se jacta de tener el frente opositor que postula a Rogelio Frigerio. Afirm\u00f3 que \u201camontonar\u201d no es garant\u00eda de nada y resalt\u00f3 la figura de Ad\u00e1n Bahl: \u201cConoce bien la provincia y tiene experiencia en gesti\u00f3n\u201d<\/strong><\/em><\/p>\n<p>&nbsp;<\/p>\n<p>&nbsp;<\/p>\n<p>Luego de la presentaci\u00f3n de una serie de obras viales para la provincia, el mandatario hizo referencia al proceso electoral y al cierre del plazo para presentar alianzas (que vence este mi\u00e9rcoles): \u201cNuestro frente estar\u00e1 integrado por m\u00e1s de 13 partidos pol\u00edticos y llevaremos una propuesta electoral muy potente de cara a los entrerrianos\u201d.<\/p>\n<p>En tal sentido, resalt\u00f3 la figura del precandidato a gobernador Ad\u00e1n Bahl, quien \u201crepresenta este modelo de provincia, pero fundamentalmente representa\u00a0 la posibilidad de ir por todo lo que est\u00e1 faltando, que es mucho\u201d.<\/p>\n<p>\u201cY para ir por lo que falta tiene que haber una persona que conozca bien la provincia, que tenga experiencia en gesti\u00f3n y que haya demostrado que puede resolver los problemas que tienen los entrerrianos: Bahl lo ha demostrado con creces en las distintas funciones que cumpli\u00f3, pero sobre todo en la intendencia de Paran\u00e1, donde viene haciendo una gesti\u00f3n notable\u201d, remarc\u00f3.<\/p>\n<p>\u201cEs una persona que tiene razonabilidad, que sabe escuchar y que conoce profundamente la idiosincrasia de Entre R\u00edos\u201d, resalt\u00f3 el Gobernador.<\/p>\n<p>&nbsp;<\/p>\n<p><strong>Amontonamiento vs plan de gobierno<\/strong><\/p>\n<p>Desde Juntos por Entre R\u00edos, el espacio pol\u00edtico que postula la precandidatura de Rogelio Frigerio, ostentan ser el frente m\u00e1s amplio del pa\u00eds.<\/p>\n<p>Consultado por la prensa, Bordet se\u00f1al\u00f3: \u201cNo tuve tiempo de leer qu\u00e9 partidos integran el frente de la oposici\u00f3n, estoy ocupado en cerrar el nuestro\u201d.<\/p>\n<p>\u201cTambi\u00e9n hay que ver qu\u00e9 representa cada partido porque algunos representan a personas y no propuestas concretas y claras de gobierno\u201d, sostuvo, al tiempo que enfatiz\u00f3 que \u201camontonar\u201d no es garant\u00eda de nada.<\/p>\n<p>\u201cLa prioridad de un frente no debe ser la sumatoria de nombres\u201d, sino la de plantear \u201cuna propuesta pol\u00edtica y electoral para potenciar el desarrollo de esta provincia; los cantores se buscan por la tonada y es lo que hicimos en nuestro frente\u201d, apunt\u00f3 el Gobernador.<\/p>\n<p>&nbsp;<\/p>\n<p><strong>\u00a0\u201cLa prioridad es Entre R\u00edos\u201d<\/strong><\/p>\n<p>Consultado por esta Agencia sobre si antes del 24 habr\u00e1 una nueva reuni\u00f3n con los gobernadores para continuar delineando la estrategia electoral del PJ, Gustavo Bordet respondi\u00f3: \u201cNo lo s\u00e9, estoy abocado a Entre R\u00edos, el mandato que tengo es\u00a0 gobernar para mi provincia y priorizo los intereses provinciales\u201d.<\/p>\n<p>\u201cCuando hay que trabajar en acuerdos nacionales soy materia dispuesta, pero mi prioridad est\u00e1 puesta en la provincia\u201d, concluy\u00f3.<\/p>\n","protected":false},"excerpt":{"rendered":"<p>Lo dijo el gobernador Gustavo Bordet en el marco del cierre de listas y ante la consulta sobre la gran cantidad de partidos que se jacta de tener el frente opositor que postula a Rogelio Frigerio. Afirm\u00f3 que \u201camontonar\u201d no es garant\u00eda de nada y resalt\u00f3 la figura de Ad\u00e1n Bahl: \u201cConoce bien la provincia y tiene experiencia en gesti\u00f3n\u201d &nbsp; &nbsp; Luego de la presentaci\u00f3n de una serie de obras viales para la provincia, el mandatario hizo referencia al proceso electoral y al cierre del plazo para presentar alianzas&#8230;<\/p>\n","protected":false},"author":3,"featured_media":102852,"comment_status":"closed","ping_status":"closed","sticky":false,"template":"","format":"standard","meta":[],"categories":[9,15],"tags":[],"_links":{"self":[{"href":"https:\/\/www.actualidadadiario.com\/index.php\/wp-json\/wp\/v2\/posts\/103069"}],"collection":[{"href":"https:\/\/www.actualidadadiario.com\/index.php\/wp-json\/wp\/v2\/posts"}],"about":[{"href":"https:\/\/www.actualidadadiario.com\/index.php\/wp-json\/wp\/v2\/types\/post"}],"author":[{"embeddable":true,"href":"https:\/\/www.actualidadadiario.com\/index.php\/wp-json\/wp\/v2\/users\/3"}],"replies":[{"embeddable":true,"href":"https:\/\/www.actualidadadiario.com\/index.php\/wp-json\/wp\/v2\/comments?post=103069"}],"version-history":[{"count":1,"href":"https:\/\/www.actualidadadiario.com\/index.php\/wp-json\/wp\/v2\/posts\/103069\/revisions"}],"predecessor-version":[{"id":103070,"href":"https:\/\/www.actualidadadiario.com\/index.php\/wp-json\/wp\/v2\/posts\/103069\/revisions\/103070"}],"wp:featuredmedia":[{"embeddable":true,"href":"https:\/\/www.actualidadadiario.com\/index.php\/wp-json\/wp\/v2\/media\/102852"}],"wp:attachment":[{"href":"https:\/\/www.actualidadadiario.com\/index.php\/wp-json\/wp\/v2\/media?parent=103069"}],"wp:term":[{"taxonomy":"category","embeddable":true,"href":"https:\/\/www.actualidadadiario.com\/index.php\/wp-json\/wp\/v2\/categories?post=103069"},{"taxonomy":"post_tag","embeddable":true,"href":"https:\/\/www.actualidadadiario.com\/index.php\/wp-json\/wp\/v2\/tags?post=103069"}],"curies":[{"name":"wp","href":"https:\/\/api.w.org\/{rel}","templated":true}]}}