{"id":103067,"date":"2023-06-14T12:48:39","date_gmt":"2023-06-14T15:48:39","guid":{"rendered":"https:\/\/www.actualidadadiario.com\/?p=103067"},"modified":"2023-06-14T12:48:39","modified_gmt":"2023-06-14T15:48:39","slug":"se-anuncio-la-fecha-del-medio-aguinaldo-para-la-administracion-publica","status":"publish","type":"post","link":"https:\/\/www.actualidadadiario.com\/index.php\/2023\/06\/14\/se-anuncio-la-fecha-del-medio-aguinaldo-para-la-administracion-publica\/","title":{"rendered":"Se anunci\u00f3 la fecha del medio aguinaldo para la administraci\u00f3n p\u00fablica"},"content":{"rendered":"<p style=\"text-align: center;\"><em><strong>El gobernador Bordet confirm\u00f3 que el aguinaldo y el salario se abonar\u00e1n en conjunto. \u00bfEn qu\u00e9 fecha se depositar\u00e1?<\/strong><\/em><\/p>\n<p>&nbsp;<\/p>\n<p>&nbsp;<\/p>\n<p>El gobernador de la provincia, Gustavo Bordet, ratific\u00f3 este mi\u00e9rcoles que el medio aguinaldo de la administraci\u00f3n p\u00fablica ser\u00e1 abonado junto con el salario.<\/p>\n<p>Los sueldos se comenzar\u00e1n a pagar seg\u00fan el cronograma regular, que es el \u00faltimo d\u00eda h\u00e1bil del mes y se termina de abonar el 5 del siguiente, seg\u00fan se confirm\u00f3.<\/p>\n<p>En este mismo sentido, agreg\u00f3 que \u201clo que demora el banco para poder procesar todas las liquidaciones y autom\u00e1ticamente empezaremos a pagar el aguinaldo\u201d, confirm\u00f3 Bordet.<\/p>\n<p>Posteriormente manifest\u00f3: \u201cEsto habla del orden financiero de la provincia, que nos permite cumplir en tiempo y forma con nuestros trabajadores y jubilados\u201d.<\/p>\n","protected":false},"excerpt":{"rendered":"<p>El gobernador Bordet confirm\u00f3 que el aguinaldo y el salario se abonar\u00e1n en conjunto. \u00bfEn qu\u00e9 fecha se depositar\u00e1? &nbsp; &nbsp; El gobernador de la provincia, Gustavo Bordet, ratific\u00f3 este mi\u00e9rcoles que el medio aguinaldo de la administraci\u00f3n p\u00fablica ser\u00e1 abonado junto con el salario. Los sueldos se comenzar\u00e1n a pagar seg\u00fan el cronograma regular, que es el \u00faltimo d\u00eda h\u00e1bil del mes y se termina de abonar el 5 del siguiente, seg\u00fan se confirm\u00f3. En este mismo sentido, agreg\u00f3 que \u201clo que demora el banco para poder procesar todas&#8230;<\/p>\n","protected":false},"author":3,"featured_media":81534,"comment_status":"closed","ping_status":"closed","sticky":false,"template":"","format":"standard","meta":[],"categories":[15],"tags":[],"_links":{"self":[{"href":"https:\/\/www.actualidadadiario.com\/index.php\/wp-json\/wp\/v2\/posts\/103067"}],"collection":[{"href":"https:\/\/www.actualidadadiario.com\/index.php\/wp-json\/wp\/v2\/posts"}],"about":[{"href":"https:\/\/www.actualidadadiario.com\/index.php\/wp-json\/wp\/v2\/types\/post"}],"author":[{"embeddable":true,"href":"https:\/\/www.actualidadadiario.com\/index.php\/wp-json\/wp\/v2\/users\/3"}],"replies":[{"embeddable":true,"href":"https:\/\/www.actualidadadiario.com\/index.php\/wp-json\/wp\/v2\/comments?post=103067"}],"version-history":[{"count":1,"href":"https:\/\/www.actualidadadiario.com\/index.php\/wp-json\/wp\/v2\/posts\/103067\/revisions"}],"predecessor-version":[{"id":103068,"href":"https:\/\/www.actualidadadiario.com\/index.php\/wp-json\/wp\/v2\/posts\/103067\/revisions\/103068"}],"wp:featuredmedia":[{"embeddable":true,"href":"https:\/\/www.actualidadadiario.com\/index.php\/wp-json\/wp\/v2\/media\/81534"}],"wp:attachment":[{"href":"https:\/\/www.actualidadadiario.com\/index.php\/wp-json\/wp\/v2\/media?parent=103067"}],"wp:term":[{"taxonomy":"category","embeddable":true,"href":"https:\/\/www.actualidadadiario.com\/index.php\/wp-json\/wp\/v2\/categories?post=103067"},{"taxonomy":"post_tag","embeddable":true,"href":"https:\/\/www.actualidadadiario.com\/index.php\/wp-json\/wp\/v2\/tags?post=103067"}],"curies":[{"name":"wp","href":"https:\/\/api.w.org\/{rel}","templated":true}]}}