{"id":103058,"date":"2023-06-14T12:46:01","date_gmt":"2023-06-14T15:46:01","guid":{"rendered":"https:\/\/www.actualidadadiario.com\/?p=103058"},"modified":"2023-06-14T12:46:01","modified_gmt":"2023-06-14T15:46:01","slug":"federacion-anuncio-que-para-las-vacaciones-de-julio-de-habilitara-la-nueva-entrada-al-parque-termal","status":"publish","type":"post","link":"https:\/\/www.actualidadadiario.com\/index.php\/2023\/06\/14\/federacion-anuncio-que-para-las-vacaciones-de-julio-de-habilitara-la-nueva-entrada-al-parque-termal\/","title":{"rendered":"Federaci\u00f3n anunci\u00f3 que para las vacaciones de julio de habilitar\u00e1 la nueva entrada al Parque Termal"},"content":{"rendered":"<p style=\"text-align: center;\"><em><strong>El Intendente de la ciudad y el Secretario de Turismo del Municipio, Carlos Miller\u00a0 se reunieron con empresarios tur\u00edsticos de la calle Paran\u00e1, en el Sal\u00f3n Rojo. Se anunci\u00f3 que se habilitar\u00e1 la nueva entrada al Parque Termal por Peatonal 17 de octubre<\/strong><\/em><\/p>\n<p>&nbsp;<\/p>\n<p>&nbsp;<\/p>\n<p>En este marco de reuni\u00f3n el intendente Ricardo Bravo inform\u00f3 que el acceso a termas sobre calle Paran\u00e1 est\u00e1 en su etapa final y la apertura ya se podr\u00eda anunciar para los primeros d\u00edas de Julio.<\/p>\n<p>En un marco ameno, Bravo escuch\u00f3 las propuestas de sector para mejorar dicha entrada desde calle Paran\u00e1, con se\u00f1alizaciones, rampa de accesibilidad y una promoci\u00f3n adecuada de esta obra para beneficiar a los visitantes que se alojan en cercan\u00edas de esta calle.<\/p>\n<p>Cabe destacar el compromiso de los empresarios que hicieron su aporte y hoy esta obra es una realidad.<\/p>\n<p>En otro orden de cosas, el Secretario Miller, inform\u00f3 a los presentes que la nueva oficina de acceso ya cuenta con todo el mobiliario, el equipamiento t\u00e9cnico y los recursos humanos suficientes para una \u00f3ptima atenci\u00f3n.<\/p>\n","protected":false},"excerpt":{"rendered":"<p>El Intendente de la ciudad y el Secretario de Turismo del Municipio, Carlos Miller\u00a0 se reunieron con empresarios tur\u00edsticos de la calle Paran\u00e1, en el Sal\u00f3n Rojo. Se anunci\u00f3 que se habilitar\u00e1 la nueva entrada al Parque Termal por Peatonal 17 de octubre &nbsp; &nbsp; En este marco de reuni\u00f3n el intendente Ricardo Bravo inform\u00f3 que el acceso a termas sobre calle Paran\u00e1 est\u00e1 en su etapa final y la apertura ya se podr\u00eda anunciar para los primeros d\u00edas de Julio. En un marco ameno, Bravo escuch\u00f3 las propuestas de&#8230;<\/p>\n","protected":false},"author":3,"featured_media":103059,"comment_status":"closed","ping_status":"closed","sticky":false,"template":"","format":"standard","meta":[],"categories":[15],"tags":[],"_links":{"self":[{"href":"https:\/\/www.actualidadadiario.com\/index.php\/wp-json\/wp\/v2\/posts\/103058"}],"collection":[{"href":"https:\/\/www.actualidadadiario.com\/index.php\/wp-json\/wp\/v2\/posts"}],"about":[{"href":"https:\/\/www.actualidadadiario.com\/index.php\/wp-json\/wp\/v2\/types\/post"}],"author":[{"embeddable":true,"href":"https:\/\/www.actualidadadiario.com\/index.php\/wp-json\/wp\/v2\/users\/3"}],"replies":[{"embeddable":true,"href":"https:\/\/www.actualidadadiario.com\/index.php\/wp-json\/wp\/v2\/comments?post=103058"}],"version-history":[{"count":1,"href":"https:\/\/www.actualidadadiario.com\/index.php\/wp-json\/wp\/v2\/posts\/103058\/revisions"}],"predecessor-version":[{"id":103060,"href":"https:\/\/www.actualidadadiario.com\/index.php\/wp-json\/wp\/v2\/posts\/103058\/revisions\/103060"}],"wp:featuredmedia":[{"embeddable":true,"href":"https:\/\/www.actualidadadiario.com\/index.php\/wp-json\/wp\/v2\/media\/103059"}],"wp:attachment":[{"href":"https:\/\/www.actualidadadiario.com\/index.php\/wp-json\/wp\/v2\/media?parent=103058"}],"wp:term":[{"taxonomy":"category","embeddable":true,"href":"https:\/\/www.actualidadadiario.com\/index.php\/wp-json\/wp\/v2\/categories?post=103058"},{"taxonomy":"post_tag","embeddable":true,"href":"https:\/\/www.actualidadadiario.com\/index.php\/wp-json\/wp\/v2\/tags?post=103058"}],"curies":[{"name":"wp","href":"https:\/\/api.w.org\/{rel}","templated":true}]}}