{"id":103055,"date":"2023-06-14T12:45:00","date_gmt":"2023-06-14T15:45:00","guid":{"rendered":"https:\/\/www.actualidadadiario.com\/?p=103055"},"modified":"2023-06-14T12:45:00","modified_gmt":"2023-06-14T15:45:00","slug":"juntos-por-entre-rios-sumo-al-socialismo-a-su-estructura-electoral","status":"publish","type":"post","link":"https:\/\/www.actualidadadiario.com\/index.php\/2023\/06\/14\/juntos-por-entre-rios-sumo-al-socialismo-a-su-estructura-electoral\/","title":{"rendered":"Juntos por Entre R\u00edos sum\u00f3 al Socialismo a su estructura electoral"},"content":{"rendered":"<p style=\"text-align: center;\"><em><strong>La alianza opositora present\u00f3 su composici\u00f3n para las elecciones generales de este a\u00f1o con la novedad de la incorporaci\u00f3n del sello del Partido Socialista (PS) y de un gran cantidad de espacios municipales. \u201cEsto abre un panorama importante para nosotros\u201d afirm\u00f3 el presidente del Comit\u00e9 Provincia de la UCR, Amado Fuad Sosa. \u201cVamos a integrar las listas de concejales y de diputados provinciales\u201d, anticip\u00f3 Juan Rossi, titular del PS<\/strong><\/em><\/p>\n<p>&nbsp;<\/p>\n<p>&nbsp;<\/p>\n<p>La coalici\u00f3n opositora seguir\u00e1 llam\u00e1ndose por ahora \u201cJuntos por Entre R\u00edos\u201d, aunque la denominaci\u00f3n final quedar\u00e1 supeditada al nombre que se elija a nivel nacional<\/p>\n<p>\u201cRatificamos la alianza. Se incorpor\u00f3 el Partido Socialista y el Partido Nueva Generaci\u00f3n de Gualeguaych\u00fa, adem\u00e1s de muchas fuerzas vecinales. Eso abre un panorama muy importante para nosotros\u201d, dijo Sosa.<\/p>\n<p>El socialismo \u201cera un primo hermano nuestro. Estuvimos desencontrados, nada m\u00e1s. Pero hoy se ha sumado a la alianza y fortalece a Juntos por Entre R\u00edos\u201d, se\u00f1al\u00f3.<\/p>\n<p>En referencia a c\u00f3mo se armar\u00e1n las listas legislativas y locales para contener a todos los partidos y grupos que se han sumado, Sosa precis\u00f3: \u201cCada uno presentar\u00e1 su lista en el Tribunal Electoral que funcionar\u00e1 en el partido. Ser\u00e1 una interna con muchas listas. A nivel provincial habr\u00e1 3. Tenemos que ver el pegado nacional, donde seguramente habr\u00e1 tres candidaturas\u201d.<\/p>\n<p>Eduardo Caminal, presidente del PRO Entre R\u00edos, tambi\u00e9n destac\u00f3 la incorporaci\u00f3n del PS a Juntos. \u201cEs la novedad de esta instancia\u201d, puntualiz\u00f3. \u201cEsta semana que se viene habr\u00e1 que terminar de conformar todas las listas en las distintas localidades y tambi\u00e9n las provinciales. En muchas ciudades hay muchas precandidaturas. Hay que intentar buscar el consenso hasta \u00faltimo minuto y, de lo contrario, habr\u00e1 una competencia interna de forma sana\u201d, adelant\u00f3.<\/p>\n<p>Con respecto al pegado de las candidaturas locales y provinciales con las nacionales, Caminal dijo que ser\u00e1 un asunto que tendr\u00e1 que ser resuelto en \u00faltima instancia por los candidatos a gobernadores de Juntos. \u201cFrigerio pegar\u00e1 con todos los postulantes a la presidencia. Hasta ahora, por el PRO (Patricia) Bullrich y (Horacio) Rodr\u00edguez Larreta est\u00e1n en carrera. No s\u00e9 qu\u00e9 suceder\u00e1 en el radicalismo con (Facundo) Manes y (Gerardo) Morales\u201d, consign\u00f3.<\/p>\n<p>Por su parte, Juan Rossi (Presidente del Socialismo entrerriano), sostuvo que para su partido ser\u00e1 \u201cuna oportunidad, despu\u00e9s de 20 a\u00f1os de gobierno justicialista, para dar un salto de modernizaci\u00f3n\u201d.<\/p>\n<p>\u201cLuego de un largo debate en el partido, decidimos participar en Juntos con un aporte progresista\u201d, agreg\u00f3. Rossi reconoci\u00f3 que al socialismo le cost\u00f3 dar el paso pero \u201ctuvimos nuestro proceso interno el a\u00f1o pasado, despu\u00e9s de haber buscado por m\u00e1s de 15 a\u00f1os una tercera opci\u00f3n en la provincia. No se dio porque la gente no nos eligi\u00f3. Ahora estamos ac\u00e1\u201d, reafirm\u00f3.<\/p>\n<p>Por \u00faltimo, marc\u00f3 que el Socialismo tendr\u00e1 en la conformaci\u00f3n de la oferta electoral candidatos en la lista de diputados provinciales y en los Concejos Deliberantes locales. \u201cPor supuesto. Somos un partido provincial con presencia en las ciudades m\u00e1s importantes de la provincia. As\u00ed que la idea es integrar las listas a concejales y la de diputados provinciales\u201d, consign\u00f3.<\/p>\n<p>Jorge Maier, dirigente del Movimiento Social Entrerriano (MSE), indic\u00f3 que la continuidad del espacio en Juntos es \u201cun gran objetivo. En julio cumplimos 24 a\u00f1os. Nacimos con la idea de un gran movimiento entendiendo que los problemas de la provincia no los puede resolver un partido en particular, sino que la sociedad debe ser parte al proceso de cambio\u201d.<\/p>\n<p>Por primera vez en 25 a\u00f1os, Juan Domingo Zacar\u00edas (la principal figura del MSE) no ser\u00e1 candidato, pero la integraci\u00f3n en las listas provinciales y locales no es la meta del espacio, dijo Maier. \u201cEl MSE tiene como objetivo acompa\u00f1ar, como s\u00edntesis de un proyecto de provincia, para que Rogelio Frigerio alcance la gobernaci\u00f3n\u201d, asever\u00f3.<\/p>\n<p>&nbsp;<\/p>\n<p><strong>Integraci\u00f3n<\/strong><\/p>\n<p>Juntos por Entre R\u00edos tendr\u00e1 integrantes y dos niveles de\u00a0 adherentes. En el primero escal\u00f3n estar\u00e1n los seis partidos pol\u00edticos reconocidos legalmente: la UCR, el PRO, el MSE, el GEN y Nueva Generaci\u00f3n.<\/p>\n<p>Luego viene un conjunto de adherentes entre los que est\u00e1n las Juntas Promotoras del Movimiento de Integraci\u00f3n y Desarrollo (MID); Republicanos Unidos y ETER (Entre Todos Entre R\u00edos), el espacio que integran ex peronistas de los \u201990 como Luis Leissa (presente en el acto de firma), Mario Moine y Augusto Alasino. A ellos se suma el Grupo 25 de Mayo de Concordia, seg\u00fan indica el acta firmada en la tarde del martes en la sede del radicalismo.<\/p>\n<p>&nbsp;<\/p>\n<p><strong>El tercer nivel est\u00e1 integrando por 20 fuerzas locales:<\/strong><\/p>\n<p>1) Gualeguaych\u00fa de Pie<\/p>\n<p>2) Junta Vecinal de Aranguren<\/p>\n<p>3) Partido Vecinal Uruguay Se Puede<\/p>\n<p>4) Frente Amplio<\/p>\n<p>5) Partido Municipal Nuevo Espacio Gualeguaych\u00fa<\/p>\n<p>6) Valores Por La Paz<\/p>\n<p>7) Uni\u00f3n Vecinal Diamante<\/p>\n<p>8) Nuevo Espacio Ramirense<\/p>\n<p>9) Uni\u00f3n Vecinal San Jos\u00e9 (UVESA)<\/p>\n<p>10) Partido Nuevo Espacio San Jos\u00e9<\/p>\n<p>11) Unidos Por El Futuro<\/p>\n<p>12) Vecinalismo Colonense<\/p>\n<p>13) Construcci\u00f3n Ciudadana<\/p>\n<p>14) Junta Vecinal Ubajay<\/p>\n<p>15) Uni\u00f3n Popular<\/p>\n<p>16) Concordia Presente<\/p>\n<p>17) Movimiento Vecinalista Hasenkamp<\/p>\n<p>18) Movimiento de Interacci\u00f3n Vecinal De Crespo<\/p>\n<p>19) + Por Concordia<\/p>\n<p>20) Frente Vecinal Gualeguaych\u00fa<\/p>\n","protected":false},"excerpt":{"rendered":"<p>La alianza opositora present\u00f3 su composici\u00f3n para las elecciones generales de este a\u00f1o con la novedad de la incorporaci\u00f3n del sello del Partido Socialista (PS) y de un gran cantidad de espacios municipales. \u201cEsto abre un panorama importante para nosotros\u201d afirm\u00f3 el presidente del Comit\u00e9 Provincia de la UCR, Amado Fuad Sosa. \u201cVamos a integrar las listas de concejales y de diputados provinciales\u201d, anticip\u00f3 Juan Rossi, titular del PS &nbsp; &nbsp; La coalici\u00f3n opositora seguir\u00e1 llam\u00e1ndose por ahora \u201cJuntos por Entre R\u00edos\u201d, aunque la denominaci\u00f3n final quedar\u00e1 supeditada al nombre&#8230;<\/p>\n","protected":false},"author":3,"featured_media":103056,"comment_status":"closed","ping_status":"closed","sticky":false,"template":"","format":"standard","meta":[],"categories":[9,15],"tags":[],"_links":{"self":[{"href":"https:\/\/www.actualidadadiario.com\/index.php\/wp-json\/wp\/v2\/posts\/103055"}],"collection":[{"href":"https:\/\/www.actualidadadiario.com\/index.php\/wp-json\/wp\/v2\/posts"}],"about":[{"href":"https:\/\/www.actualidadadiario.com\/index.php\/wp-json\/wp\/v2\/types\/post"}],"author":[{"embeddable":true,"href":"https:\/\/www.actualidadadiario.com\/index.php\/wp-json\/wp\/v2\/users\/3"}],"replies":[{"embeddable":true,"href":"https:\/\/www.actualidadadiario.com\/index.php\/wp-json\/wp\/v2\/comments?post=103055"}],"version-history":[{"count":1,"href":"https:\/\/www.actualidadadiario.com\/index.php\/wp-json\/wp\/v2\/posts\/103055\/revisions"}],"predecessor-version":[{"id":103057,"href":"https:\/\/www.actualidadadiario.com\/index.php\/wp-json\/wp\/v2\/posts\/103055\/revisions\/103057"}],"wp:featuredmedia":[{"embeddable":true,"href":"https:\/\/www.actualidadadiario.com\/index.php\/wp-json\/wp\/v2\/media\/103056"}],"wp:attachment":[{"href":"https:\/\/www.actualidadadiario.com\/index.php\/wp-json\/wp\/v2\/media?parent=103055"}],"wp:term":[{"taxonomy":"category","embeddable":true,"href":"https:\/\/www.actualidadadiario.com\/index.php\/wp-json\/wp\/v2\/categories?post=103055"},{"taxonomy":"post_tag","embeddable":true,"href":"https:\/\/www.actualidadadiario.com\/index.php\/wp-json\/wp\/v2\/tags?post=103055"}],"curies":[{"name":"wp","href":"https:\/\/api.w.org\/{rel}","templated":true}]}}