{"id":103050,"date":"2023-06-13T13:42:46","date_gmt":"2023-06-13T16:42:46","guid":{"rendered":"https:\/\/www.actualidadadiario.com\/?p=103050"},"modified":"2023-06-13T13:42:46","modified_gmt":"2023-06-13T16:42:46","slug":"bielsa-debuta-al-frente-de-la-seleccion-uruguaya-ante-nicaragua","status":"publish","type":"post","link":"https:\/\/www.actualidadadiario.com\/index.php\/2023\/06\/13\/bielsa-debuta-al-frente-de-la-seleccion-uruguaya-ante-nicaragua\/","title":{"rendered":"Bielsa debuta al frente de la selecci\u00f3n uruguaya ante Nicaragua"},"content":{"rendered":"<p style=\"text-align: center;\"><em><strong>Sin sus hist\u00f3ricos y con la presencia en el plantel de varios de los flamantes campeones del mundo Sub-20, la selecci\u00f3n uruguaya se estrenar\u00e1 bajo la conducci\u00f3n de Marcelo Bielsa enfrentando este mi\u00e9rcoles a Nicaragua en el Estadio Centenario de Montevideo<\/strong><\/em><\/p>\n<p>&nbsp;<\/p>\n<p>&nbsp;<\/p>\n<p>El partido en s\u00ed mismo luce como meramente anecd\u00f3tico: tanto su rival de esta semana como el del mi\u00e9rcoles 24, Cuba, son de un peso muy relativo para una selecci\u00f3n con el palmar\u00e9s de la celeste.<\/p>\n<p>El valor esencial de esta doble fecha FIFA reside en el debut del argentino Bielsa al frente del equipo: su intenci\u00f3n de juego, c\u00f3mo parar\u00e1 a sus futbolistas, ver a caras nuevas.<\/p>\n<p>Cuando asumi\u00f3 la conducci\u00f3n de la selecci\u00f3n charr\u00faa, el 17 de mayo, el famoso y pol\u00e9mico DT rosarino dijo que &#8220;no iba a tener en ning\u00fan club un grupo de jugadores como los que tiene esta selecci\u00f3n&#8221; y que, para empezar, querr\u00eda probar a futbolistas a los que a\u00fan no conoce.<\/p>\n<p>No se pronunci\u00f3 entonces, y sigue sin pronunciarse, respecto al futuro de &#8220;hist\u00f3ricos&#8221; como Luis Su\u00e1rez, m\u00e1ximo goleador hist\u00f3rico de la celeste, el tambi\u00e9n delantero Edinson Cavani o el arquero Fernando Muslera, entre otros, pero se sab\u00eda que no contar\u00eda con ellos para el par de amistosos de este mes.<\/p>\n<p>Por lesi\u00f3n o decisi\u00f3n t\u00e9cnica tampoco estar\u00e1n frente a Nicaragua y Cuba buena parte de las estrellas ascendentes del equipo, como Federico Valverde, Giorgian de Arrascaeta, Rodrigo Bentancourt, Mat\u00edas Vecino o Darwin N\u00fa\u00f1ez.<\/p>\n<p>&nbsp;<\/p>\n<p><strong>Juveniles a la vista <\/strong><\/p>\n<p>S\u00ed estar\u00e1n, en cambio, y probablemente alternen en alg\u00fan tramo de ambos partidos, seis de los juveniles que se consagraron campeones mundiales sub 20 el domingo \u00faltimo en Argentina, entre ellos Luciano Rodr\u00edguez, autor del gol de la final ante Italia en La Plata.<\/p>\n<p>Bielsa hab\u00eda tomado la decisi\u00f3n de incluirlos en su citaci\u00f3n antes incluso de que comenzara el torneo que acab\u00f3 consagr\u00e1ndolos y ese hecho fue saludado esta semana por periodistas deportivos locales como ejemplo de la visi\u00f3n de futuro del argentino.<\/p>\n<p>Destacaron igualmente la similar manera de &#8220;sentir&#8221; el f\u00fatbol de Bielsa y de quien fue el entrenador de la Sub 20, Marcelo Broli: ofensivo, osado, bien jugado.<\/p>\n<p>Este mi\u00e9rcoles los juveniles campeones recibir\u00e1n un homenaje de las autoridades de la Asociaci\u00f3n Uruguaya de F\u00fatbol y del p\u00fablico que asista el Estadio Centenario, luego de la caravana que recorri\u00f3 parte de Montevideo a la llegada del plantel el lunes tras la consagraci\u00f3n.<\/p>\n<p>El rival ocasional de los celestes, Nicaragua, llega a Montevideo tras haber recibido la noticia de su exclusi\u00f3n por la Confederaci\u00f3n del Norte, Centroamericana y el Caribe (Concacaf) de la Copa Oro 2023 por haber violado reglamentos.<\/p>\n<p>Su entrenador, el chileno Marco Antonio Figueroa, pensaba aprovechar este partido para foguear jugadores de cara a ese y otros torneos internacionales. Deber\u00e1 hacerlo ahora para el comienzo de las eliminatorias de la Concacaf para el Mundial 2026.<\/p>\n<p>&nbsp;<\/p>\n<p><strong>Alineaciones probables:<\/strong><\/p>\n<p><strong>Uruguay:<\/strong> Sergio Rochet; Jos\u00e9 Luis Rodr\u00edguez, Bruno M\u00e9ndez, Sebasti\u00e1n C\u00e1ceres, Joaqu\u00edn Piquerez; Felipe Carballo, Facundo Torres, Brian Rodr\u00edguez; Facundo Pellistri, Mat\u00edas Arezo, Diego Rossi. DT: Marcelo Bielsa<\/p>\n<p>&nbsp;<\/p>\n<p><strong>Nicaragua:<\/strong> Miguel Rodr\u00edguez; Josu\u00e9 Quijano, Jason Coronel, Erick Tellez, \u00d3scar Acevedo; Melvin Hern\u00e1ndez; Marvin Fletes, Matias Belli, Juan Barrera; Ariagner Smith y Jaime Moreno. DT: Marco Figueroa<\/p>\n","protected":false},"excerpt":{"rendered":"<p>Sin sus hist\u00f3ricos y con la presencia en el plantel de varios de los flamantes campeones del mundo Sub-20, la selecci\u00f3n uruguaya se estrenar\u00e1 bajo la conducci\u00f3n de Marcelo Bielsa enfrentando este mi\u00e9rcoles a Nicaragua en el Estadio Centenario de Montevideo &nbsp; &nbsp; El partido en s\u00ed mismo luce como meramente anecd\u00f3tico: tanto su rival de esta semana como el del mi\u00e9rcoles 24, Cuba, son de un peso muy relativo para una selecci\u00f3n con el palmar\u00e9s de la celeste. El valor esencial de esta doble fecha FIFA reside en el&#8230;<\/p>\n","protected":false},"author":3,"featured_media":103051,"comment_status":"closed","ping_status":"closed","sticky":false,"template":"","format":"standard","meta":[],"categories":[4],"tags":[],"_links":{"self":[{"href":"https:\/\/www.actualidadadiario.com\/index.php\/wp-json\/wp\/v2\/posts\/103050"}],"collection":[{"href":"https:\/\/www.actualidadadiario.com\/index.php\/wp-json\/wp\/v2\/posts"}],"about":[{"href":"https:\/\/www.actualidadadiario.com\/index.php\/wp-json\/wp\/v2\/types\/post"}],"author":[{"embeddable":true,"href":"https:\/\/www.actualidadadiario.com\/index.php\/wp-json\/wp\/v2\/users\/3"}],"replies":[{"embeddable":true,"href":"https:\/\/www.actualidadadiario.com\/index.php\/wp-json\/wp\/v2\/comments?post=103050"}],"version-history":[{"count":1,"href":"https:\/\/www.actualidadadiario.com\/index.php\/wp-json\/wp\/v2\/posts\/103050\/revisions"}],"predecessor-version":[{"id":103052,"href":"https:\/\/www.actualidadadiario.com\/index.php\/wp-json\/wp\/v2\/posts\/103050\/revisions\/103052"}],"wp:featuredmedia":[{"embeddable":true,"href":"https:\/\/www.actualidadadiario.com\/index.php\/wp-json\/wp\/v2\/media\/103051"}],"wp:attachment":[{"href":"https:\/\/www.actualidadadiario.com\/index.php\/wp-json\/wp\/v2\/media?parent=103050"}],"wp:term":[{"taxonomy":"category","embeddable":true,"href":"https:\/\/www.actualidadadiario.com\/index.php\/wp-json\/wp\/v2\/categories?post=103050"},{"taxonomy":"post_tag","embeddable":true,"href":"https:\/\/www.actualidadadiario.com\/index.php\/wp-json\/wp\/v2\/tags?post=103050"}],"curies":[{"name":"wp","href":"https:\/\/api.w.org\/{rel}","templated":true}]}}