{"id":103048,"date":"2023-06-13T13:36:42","date_gmt":"2023-06-13T16:36:42","guid":{"rendered":"https:\/\/www.actualidadadiario.com\/?p=103048"},"modified":"2023-06-13T13:36:42","modified_gmt":"2023-06-13T16:36:42","slug":"lionel-messi-en-principio-no-ire-al-proximo-mundial","status":"publish","type":"post","link":"https:\/\/www.actualidadadiario.com\/index.php\/2023\/06\/13\/lionel-messi-en-principio-no-ire-al-proximo-mundial\/","title":{"rendered":"Lionel Messi: &#8220;En principio no ir\u00e9 al pr\u00f3ximo Mundial&#8221;"},"content":{"rendered":"<p style=\"text-align: center;\"><em><strong>El capit\u00e1n de la selecci\u00f3n argentina de f\u00fatbol, Lionel Messi, afirm\u00f3 este martes que no est\u00e1 en sus planes participar en la pr\u00f3xima edici\u00f3n de la Copa del Mundo, que se disputar\u00e1 en M\u00e9xico, Estados Unidos y Canad\u00e1 en 2026<\/strong><\/em><\/p>\n<p>&nbsp;<\/p>\n<p>&nbsp;<\/p>\n<p>&#8220;Yo creo que no. Este fue mi \u00faltimo Mundial. Ir\u00e9 viendo c\u00f3mo se dan las cosas, pero en principio no, no ir\u00e9 al pr\u00f3ximo Mundial&#8221;, respondi\u00f3 Messi en una entrevista con el medio deportivo chino Titan Sports.\u00a0 &#8220;Me gustar\u00eda estar all\u00ed para verlo, pero no voy a participar&#8221;, ratific\u00f3.<\/p>\n<p>&#8220;Despu\u00e9s de lograr el Mundial que me faltaba, estoy satisfecho y agradecido por la carrera que hice. Eso es lo m\u00e1s importante para m\u00ed&#8221;, a\u00f1adi\u00f3 el 10 argentino.<\/p>\n<p>Messi se encuentra en China para disputar los dos \u00faltimos amistosos antes de las eliminatorias de clasificaci\u00f3n para el Mundial. La Selecci\u00f3n jugar\u00e1 con Australia en Pek\u00edn, el pr\u00f3ximo jueves, y frente a Indonesia en Yakarta el d\u00eda 19.<\/p>\n<p>El duelo ante los &#8216;Socceroos&#8217; ser\u00e1 la reedici\u00f3n del enfrentamiento del pasado 3 de diciembre en el estadio Ahmad bin Ali de Al-Rayyan en los octavos de final del Mundial de Qatar 2022, en el que el equipo de Lionel Scaloni venci\u00f3 por 2-1 con goles de Messi y Juli\u00e1n \u00c1lvarez.<\/p>\n<p>&nbsp;<\/p>\n<p><strong>Guardiola, la final de la Champions y Barcelona<\/strong><\/p>\n<p>Messi cont\u00f3 que pudo ver la final de la Liga de Campeones ganada por el Manchester City a pesar de la diferencia horaria en China y afirm\u00f3 que Pep Guardiola, con el que mantiene \u201ccontacto con frecuencia\u201d, demostr\u00f3 que \u201ces el mejor entrenador del mundo\u201d.<\/p>\n<p>Messi aclar\u00f3 que no aspira a ocupar ese puesto en el futuro, aunque dej\u00f3 una puerta abierta al destacar que \u201cno tiene claro\u201d si sus pensamientos no cambiar\u00e1n.<\/p>\n<p>El mejor futbolista del mundo tambi\u00e9n quiso destacar su \u201cestrecha relaci\u00f3n\u201d con el Barcelona, aunque sostuvo que para \u00e9l \u201ces raro ver\u201d que griten su nombre sin estar ah\u00ed.\u00a0 &#8220;Es algo hermoso\u201d, dijo.<\/p>\n","protected":false},"excerpt":{"rendered":"<p>El capit\u00e1n de la selecci\u00f3n argentina de f\u00fatbol, Lionel Messi, afirm\u00f3 este martes que no est\u00e1 en sus planes participar en la pr\u00f3xima edici\u00f3n de la Copa del Mundo, que se disputar\u00e1 en M\u00e9xico, Estados Unidos y Canad\u00e1 en 2026 &nbsp; &nbsp; &#8220;Yo creo que no. Este fue mi \u00faltimo Mundial. Ir\u00e9 viendo c\u00f3mo se dan las cosas, pero en principio no, no ir\u00e9 al pr\u00f3ximo Mundial&#8221;, respondi\u00f3 Messi en una entrevista con el medio deportivo chino Titan Sports.\u00a0 &#8220;Me gustar\u00eda estar all\u00ed para verlo, pero no voy a participar&#8221;,&#8230;<\/p>\n","protected":false},"author":3,"featured_media":96161,"comment_status":"closed","ping_status":"closed","sticky":false,"template":"","format":"standard","meta":[],"categories":[4],"tags":[],"_links":{"self":[{"href":"https:\/\/www.actualidadadiario.com\/index.php\/wp-json\/wp\/v2\/posts\/103048"}],"collection":[{"href":"https:\/\/www.actualidadadiario.com\/index.php\/wp-json\/wp\/v2\/posts"}],"about":[{"href":"https:\/\/www.actualidadadiario.com\/index.php\/wp-json\/wp\/v2\/types\/post"}],"author":[{"embeddable":true,"href":"https:\/\/www.actualidadadiario.com\/index.php\/wp-json\/wp\/v2\/users\/3"}],"replies":[{"embeddable":true,"href":"https:\/\/www.actualidadadiario.com\/index.php\/wp-json\/wp\/v2\/comments?post=103048"}],"version-history":[{"count":1,"href":"https:\/\/www.actualidadadiario.com\/index.php\/wp-json\/wp\/v2\/posts\/103048\/revisions"}],"predecessor-version":[{"id":103049,"href":"https:\/\/www.actualidadadiario.com\/index.php\/wp-json\/wp\/v2\/posts\/103048\/revisions\/103049"}],"wp:featuredmedia":[{"embeddable":true,"href":"https:\/\/www.actualidadadiario.com\/index.php\/wp-json\/wp\/v2\/media\/96161"}],"wp:attachment":[{"href":"https:\/\/www.actualidadadiario.com\/index.php\/wp-json\/wp\/v2\/media?parent=103048"}],"wp:term":[{"taxonomy":"category","embeddable":true,"href":"https:\/\/www.actualidadadiario.com\/index.php\/wp-json\/wp\/v2\/categories?post=103048"},{"taxonomy":"post_tag","embeddable":true,"href":"https:\/\/www.actualidadadiario.com\/index.php\/wp-json\/wp\/v2\/tags?post=103048"}],"curies":[{"name":"wp","href":"https:\/\/api.w.org\/{rel}","templated":true}]}}