{"id":103038,"date":"2023-06-13T13:33:47","date_gmt":"2023-06-13T16:33:47","guid":{"rendered":"https:\/\/www.actualidadadiario.com\/?p=103038"},"modified":"2023-06-13T13:33:47","modified_gmt":"2023-06-13T16:33:47","slug":"lula-rechazo-las-nuevas-exigencias-de-la-union-europea-para-el-acuerdo-con-el-mercosur","status":"publish","type":"post","link":"https:\/\/www.actualidadadiario.com\/index.php\/2023\/06\/13\/lula-rechazo-las-nuevas-exigencias-de-la-union-europea-para-el-acuerdo-con-el-mercosur\/","title":{"rendered":"Lula rechaz\u00f3 las nuevas exigencias de la Uni\u00f3n Europea para el acuerdo con el Mercosur"},"content":{"rendered":"<p style=\"text-align: center;\"><em><strong>Ante la presidenta de la Comisi\u00f3n Europea, el mandatario brasile\u00f1o manifest\u00f3 su disgusto por las sanciones que se pretenden incluir en el acuerdo entre bloques<\/strong><\/em><\/p>\n<p>&nbsp;<\/p>\n<p>&nbsp;<\/p>\n<p>El presidente de Brasil, Luiz In\u00e1cio Lula da Silva, rechaz\u00f3 las nuevas condiciones presentadas por la Uni\u00f3n Europea (UE), que incluyen sanciones, para la firma final del acuerdo de libre comercio con el Mercosur, al recibir en Brasilia a la presidenta de la Comisi\u00f3n Europea, Ursula von der Leyen, al inicio de una gira de la funcionaria por Am\u00e9rica Latina.<\/p>\n<p>Lula expres\u00f3 las \u00abpreocupaciones\u00bb por las exigencias adicionales de la UE a Brasil en el marco de la negociaci\u00f3n del acuerdo y dijo que su pa\u00eds tiene derecho de tomar medidas econ\u00f3micas para reindustrializarse como lo hicieron recientemente los pa\u00edses europeos y Estados Unidos para combatir la recesi\u00f3n generada por la pandemia de coronavirus y la guerra en Ucrania.<\/p>\n<p>\u00abLe expliqu\u00e9 a la presidenta Von Der Leyen las preocupaciones de Brasil con el instrumento adicional al acuerdo presentado por la Uni\u00f3n Europea en marzo de este a\u00f1o, que ampl\u00eda las obligaciones de Brasil y lo somete a sanciones en caso de incumplimiento\u00bb, dijo Lula frente a la presidenta del \u00f3rgano ejecutivo y m\u00e1xima funcionaria de la UE, que ma\u00f1ana visitar\u00e1 Argentina.<\/p>\n<p>\u00abLa premisa que debe existir entre los socios estrat\u00e9gicos es la confianza mutua y no la desconfianza y las sanciones\u00bb, fustig\u00f3 el presidente en Brasilia.<\/p>\n<p>Lula tambi\u00e9n critic\u00f3 una serie de leyes de la Uni\u00f3n Europea con efectos extraterritoriales.<\/p>\n<p>\u00abEsto modifica el equilibrio del acuerdo\u00bb entre la UE y el Mercosur, sostuvo el l\u00edder del Partido de los Trabajadores (PT).<\/p>\n<p>Las negociaciones entre el Mercosur y la UE por su acuerdo de libre comercio concluyeron en 2019 tras dos d\u00e9cadas, pero el pacto a\u00fan no ha sido ratificado por los Parlamentos de los pa\u00edses participantes, lo cual es requisito para su aplicaci\u00f3n.<\/p>\n<p>En marzo, la UE present\u00f3 las nuevas condiciones al Mercosur rechazadas por Lula, al mismo tiempo que los pa\u00edses sudamericanos objetan posibles sanciones en caso de no cumplir, por ejemplo, metas ambientales fijadas desde Bruselas para el comercio bilateral.<\/p>\n<p>\u00abEstas iniciativas representan limitaciones potenciales para las exportaciones agr\u00edcolas e industriales de Brasil\u00bb, asegur\u00f3 Lula, quien le dijo a la titular de la Comisi\u00f3n Europea que no desistir\u00e1 de las ambiciones para la reindustrializaci\u00f3n.<\/p>\n<p>En ese sentido, Lula tambi\u00e9n rechaz\u00f3 la cl\u00e1usula propuesta por la UE para que permitir que los pa\u00edses europeos compitan con los brasile\u00f1os en el sector de compras gubernamentales, es decir, los proveedores de todos los niveles del estado de la principal econom\u00eda latinoamericana.<\/p>\n<p>\u00abPor eso, Brasil conservar\u00e1 la facultad de conducir pol\u00edticas de desarrollo industrial a trav\u00e9s del instrumento de las compras p\u00fablicas\u00bb, asegur\u00f3 Lula.<\/p>\n<p>La guerra entre Ucrania y Rusia tambi\u00e9n estuvo entre los temas mencionados por Lula en su aparici\u00f3n ante la prensa con Von der Leyen, y reiter\u00f3 que considera que el conflicto no se va a resolver por la v\u00eda militar y que son necesarias negociaciones para ponerle fin.<\/p>\n<p>Brasil tiene \u00abcompromiso con la paz, evitando la escalada b\u00e9lica y el uso de la fuerza y \u200b\u200bsus incalculables riesgos, ya que no hay soluci\u00f3n militar a este conflicto\u00bb, dijo Lula a la ex ministra de Defensa alemana.<\/p>\n<p>Lula se hab\u00eda negado en marzo a proveer municiones para armamento alem\u00e1n enviado a Ucrania y se coloc\u00f3 como facilitador para un di\u00e1logo de paz, acci\u00f3n que por el momento no ha prosperado.<\/p>\n<p>\u00abNecesitamos m\u00e1s diplomacia y menos intervenci\u00f3n armada en Ucrania, Palestina, Yemen. Los horrores de la guerra y el sufrimiento que causa no pueden tratarse de manera selectiva. Los principios b\u00e1sicos del derecho internacional se aplican a todos\u00bb, sostuvo Lula.<\/p>\n<p>El mandatario ocup\u00f3 gran parte de su agenda hablando de reindustrializaci\u00f3n antes que medio ambiente, t\u00f3pico elegido por la alemana, que anunci\u00f3 20 millones de euros por parte de Bruselas para el Fondo Amazonia que posee Brasil para pol\u00edticas ambientales a favor de la poblaci\u00f3n que vive en la regi\u00f3n de la selva sudamericana.<\/p>\n<p>Creado en 2008, el Fondo Amazonia hab\u00eda sido suspendido por el gobierno del expresidente Jair Bolsonaro. Con el regreso de Lula en enero, se reactivaron los aportes de Noruega y Alemania a ese fondo, al cual se sumaron este a\u00f1o Reino Unido y Estados Unidos.<\/p>\n<p>Por su parte, Von der Leyen, que luego de Argentina visitar\u00e1 Chile y M\u00e9xico, intent\u00f3 reflotar el acuerdo Mercosur UE y pidi\u00f3 a Lula que los pa\u00edses del Mercosur presenten sus contrapropuestas a las nuevas condiciones agregadas desde Bruselas.<\/p>\n<p>\u00abLleg\u00f3 la hora de concluir el acuerdo UE-Mercosur. Tenemos la ambici\u00f3n de terminarlo cuanto antes, antes de fin de a\u00f1o\u00bb, dijo la presidenta de la Comisi\u00f3n Europea.<\/p>\n<p>&nbsp;<\/p>\n<p><strong>Lula present\u00f3 un plan de alfabetizaci\u00f3n infantil<\/strong><\/p>\n<p>Lula asegur\u00f3 este lunes que el Estado brasile\u00f1o \u00abfracas\u00f3 rotundamente\u00bb en materia de alfabetizaci\u00f3n infantil en los \u00faltimos a\u00f1os y acus\u00f3 al gobierno del exmandatario Jair Bolsonaro de haber recortado el presupuesto educativo \u00ababandonando\u00bb a m\u00e1s de un mill\u00f3n de ni\u00f1os que comenzaban la escuela primaria.<\/p>\n<p>Lo hizo al presentar el plan Compromiso Nacional de la Alfabetizaci\u00f3n Infantil, que incluye un pacto federativo con los gobernadores, durante un discurso en el cual resalt\u00f3 que la clase media fue llevada en los \u00faltimos a\u00f1os a elegir la educaci\u00f3n privada debido a la falta de calidad educativa y valorizaci\u00f3n del salario de los maestros.<\/p>\n<p>Acompa\u00f1ado por el ministro de Educaci\u00f3n, Camilo Santana, Lula record\u00f3 que, en 2021, m\u00e1s de la mitad de los ni\u00f1os terminaron el segundo grado primario sin saber leer ni escribir.<\/p>\n<p>\u201cM\u00e1s de 1 mill\u00f3n de ni\u00f1os fueron abandonados a su suerte en el proceso de alfabetizaci\u00f3n\u201d, asegur\u00f3 Lula, apuntando contra su antecesor, Bolsonaro, y a la ley del techo del gasto p\u00fablico iniciada en 2017 por el entonces presidente Michel Temer, que congel\u00f3 por 20 a\u00f1os el presupuesto, una medida alterada el mes pasado.<\/p>\n<p>&nbsp;<\/p>\n<p><strong>Vouchers educativos<\/strong><\/p>\n<p>El gobierno de Jair Bolsonaro planteaba para un eventual nuevo per\u00edodo el gradual cese del sistema de educaci\u00f3n p\u00fablica para incorporar un sistema de \u2018vouchers\u2019 (subsidio directo) para que cada familia env\u00ede a sus hijos a establecimientos privados o ejerza la educaci\u00f3n en el hogar sin regulaciones, como el \u2018homeschooling\u2019, como defiende parte del poder evangelista.<\/p>\n<p>\u201cEl retraso en la alfabetizaci\u00f3n se debe a que el Estado brasile\u00f1o fracas\u00f3 rotundamente en los \u00faltimos a\u00f1os. Fracas\u00f3 porque pens\u00f3 que transferir recursos a las escuelas primarias era un gasto y comprometer\u00eda el equilibrio fiscal. Fracas\u00f3 porque no garantiz\u00f3 comidas escolares de calidad. Fracas\u00f3 porque, cuando la pandemia provoc\u00f3 el cierre de las aulas, el gobernante anterior no exigi\u00f3 soluciones de emergencia para la educaci\u00f3n, prefiriendo el negacionismo y el discurso de odio\u201d, dijo el presidente.<\/p>\n<p>En ese marco, asegur\u00f3 que pese a tener una red educativa desde hace tres d\u00e9cadas entre el Estado federal, gobernaciones y municipios, Brasil \u00absufri\u00f3 vergonzosos reveses\u00bb en el \u00e1mbito educativo.<\/p>\n<p>\u201cEs algo tan simple, tan f\u00e1cil, tan visible para todos nosotros que deber\u00eda suceder todos los a\u00f1os, pero lamentablemente en Brasil vivimos un per\u00edodo muy oscuro en el que las entidades federativas no se hablaban\u201d, sostuvo al referirse a los a\u00f1os de Bolsonaro (2019-2022), en los cuales se cancel\u00f3 el pacto con las gobernaciones opositoras.<\/p>\n<p>&nbsp;<\/p>\n<p><strong>Objetivos<\/strong><\/p>\n<p>Seg\u00fan el Ministerio de Educaci\u00f3n, el programa anunciado tendr\u00e1 inversiones de 2.000 millones de reales (400 millones de d\u00f3lares) hasta 2026 con el objetivo de que todos los ni\u00f1os de escuelas p\u00fablicas puedan terminar de leer en el segundo grado.<\/p>\n<p>Otro de los objetivos del programa ser\u00e1 enfocarse en recomponer los aprendizajes de los ni\u00f1os que pasaron por la etapa de lectoescritura durante la pandemia del Covid-19.<\/p>\n<p>El gobierno inform\u00f3 que est\u00e1 construyendo con la Unesco (Organizaci\u00f3n de las Naciones Unidas para la Educaci\u00f3n, la Ciencia y la Cultura) un sistema de reconocimiento nacional de buenas pr\u00e1cticas municipales y estatales dentro del programa de promoci\u00f3n de la alfabetizaci\u00f3n.<\/p>\n","protected":false},"excerpt":{"rendered":"<p>Ante la presidenta de la Comisi\u00f3n Europea, el mandatario brasile\u00f1o manifest\u00f3 su disgusto por las sanciones que se pretenden incluir en el acuerdo entre bloques &nbsp; &nbsp; El presidente de Brasil, Luiz In\u00e1cio Lula da Silva, rechaz\u00f3 las nuevas condiciones presentadas por la Uni\u00f3n Europea (UE), que incluyen sanciones, para la firma final del acuerdo de libre comercio con el Mercosur, al recibir en Brasilia a la presidenta de la Comisi\u00f3n Europea, Ursula von der Leyen, al inicio de una gira de la funcionaria por Am\u00e9rica Latina. Lula expres\u00f3 las&#8230;<\/p>\n","protected":false},"author":3,"featured_media":103039,"comment_status":"closed","ping_status":"closed","sticky":false,"template":"","format":"standard","meta":[],"categories":[4],"tags":[],"_links":{"self":[{"href":"https:\/\/www.actualidadadiario.com\/index.php\/wp-json\/wp\/v2\/posts\/103038"}],"collection":[{"href":"https:\/\/www.actualidadadiario.com\/index.php\/wp-json\/wp\/v2\/posts"}],"about":[{"href":"https:\/\/www.actualidadadiario.com\/index.php\/wp-json\/wp\/v2\/types\/post"}],"author":[{"embeddable":true,"href":"https:\/\/www.actualidadadiario.com\/index.php\/wp-json\/wp\/v2\/users\/3"}],"replies":[{"embeddable":true,"href":"https:\/\/www.actualidadadiario.com\/index.php\/wp-json\/wp\/v2\/comments?post=103038"}],"version-history":[{"count":1,"href":"https:\/\/www.actualidadadiario.com\/index.php\/wp-json\/wp\/v2\/posts\/103038\/revisions"}],"predecessor-version":[{"id":103040,"href":"https:\/\/www.actualidadadiario.com\/index.php\/wp-json\/wp\/v2\/posts\/103038\/revisions\/103040"}],"wp:featuredmedia":[{"embeddable":true,"href":"https:\/\/www.actualidadadiario.com\/index.php\/wp-json\/wp\/v2\/media\/103039"}],"wp:attachment":[{"href":"https:\/\/www.actualidadadiario.com\/index.php\/wp-json\/wp\/v2\/media?parent=103038"}],"wp:term":[{"taxonomy":"category","embeddable":true,"href":"https:\/\/www.actualidadadiario.com\/index.php\/wp-json\/wp\/v2\/categories?post=103038"},{"taxonomy":"post_tag","embeddable":true,"href":"https:\/\/www.actualidadadiario.com\/index.php\/wp-json\/wp\/v2\/tags?post=103038"}],"curies":[{"name":"wp","href":"https:\/\/api.w.org\/{rel}","templated":true}]}}