{"id":103032,"date":"2023-06-13T13:32:01","date_gmt":"2023-06-13T16:32:01","guid":{"rendered":"https:\/\/www.actualidadadiario.com\/?p=103032"},"modified":"2023-06-13T13:32:01","modified_gmt":"2023-06-13T16:32:01","slug":"el-frente-de-todos-define-la-estrategia-electoral-reuniones-de-urgencia-para-acordar-reglas-de-juego","status":"publish","type":"post","link":"https:\/\/www.actualidadadiario.com\/index.php\/2023\/06\/13\/el-frente-de-todos-define-la-estrategia-electoral-reuniones-de-urgencia-para-acordar-reglas-de-juego\/","title":{"rendered":"El Frente de Todos define la estrategia electoral: reuniones de urgencia para acordar reglas de juego"},"content":{"rendered":"<p style=\"text-align: center;\"><em><strong>Gildo Insfr\u00e1n se reunir\u00e1 con los diferentes sectores de la alianza oficial para acordar el piso de la interna. Mientras se discute si hay PASO o no, se termina el tiempo para la inscripci\u00f3n de las fuerzas que van a competir<\/strong><\/em><\/p>\n<p>&nbsp;<\/p>\n<p>&nbsp;<\/p>\n<p>El gobernador de Formosa, Gildo Insfr\u00e1n, llegar\u00e1 este martes a la ciudad de Buenos Aires para terminar de escuchar a los distintos sectores del Frente de Todos con un objetivo urgente: acordar las reglas de la interna en caso de que se presenten distintas listas para las Elecciones 2023.<\/p>\n<p>La regulaci\u00f3n de las internas depende de cada partido. La ley N\u00ba 26.571 que regula las Primarias Abiertas Simult\u00e1neas y Obligatorias, establece que cada frente electoral es el que decide el criterio para conformar las listas de cara a las elecciones generales. \u201cCada agrupaci\u00f3n pol\u00edtica para integrar la lista definitiva aplicar\u00e1 el sistema de distribuci\u00f3n de cargos que establezca su carta org\u00e1nica partidaria o el reglamento de la alianza\u201d, dice el art\u00edculo 44.<\/p>\n<p>Los detalles tienen que quedar escritos en el acta constitutiva de la alianza. Es decir que el 14 de junio el Frente de Todos deber\u00e1 tener la discusi\u00f3n avanzada. Presentar\u00e1n el sello ese d\u00eda y el 19 de junio comunicar a los juzgados electorales la integraci\u00f3n, reglamento y sitio web de las juntas electorales partidarias.<\/p>\n<p>Qui\u00e9n llevar\u00e1 la negociaci\u00f3n adelante por parte de Daniel Scioli es el ministro de Seguridad, An\u00edbal\u00a0 Fern\u00e1ndez. Gildo Insfr\u00e1n, quien tiene el mandato del PJ para sellar la alianza del oficialismo, tambi\u00e9n consultar\u00e1 a M\u00e1ximo Kirchner y a Sergio Massa. A\u00fan hay tiempo hasta el 24 de junio para saber si hay competencia interna o no, pero el reglamento debe quedar conformado antes de que la negociaci\u00f3n por las candidaturas termine.<\/p>\n<p>En una primera charla, el diputado nacional y presidente del PJ bonaerense plante\u00f3 que, quienes busquen pasar las primarias para acordar las listas generales, deber\u00edan llegar a un piso del 40% de los votos de la interna. Este n\u00famero surgi\u00f3 al mismo tiempo que Kirchner avis\u00f3 que quienes quisieran competir deber\u00edan presentar boletas con candidatos en todas las categor\u00edas.<\/p>\n<p>Sin embargo, las charlas continuaron y el piso al que se llegar\u00eda deber\u00eda ser inferior. En lo \u00fanico que hay acuerdo es que el conteo ser\u00e1 a trav\u00e9s del sistema D\u2019hont.\u00a0 A dos d\u00edas del cierre de alianzas, Scioli busca que el piso sea del 20% aunque se cerrar\u00eda en un 25%. \u201cEso ser\u00eda lo m\u00e1s serio\u201d, explican desde el entorno del embajador en Brasil.<\/p>\n<p>Ese piso no puede ser muy distinto al que se impondr\u00e1 en la provincia de Buenos Aires. All\u00ed, el kirchnerismo querr\u00e1 tener listas e ir a internas en algunos distritos que no gobiernan. Nunca el requisito lleg\u00f3 a ser del 40%.<\/p>\n<p>En ese mismo encuentro Insfr\u00e1n repetir\u00e1 que los gobernadores pretenden una lista de unidad, tal como dejaron escrito en un documento la semana pasada. Desde entonces, en privado algunos mandatarios no fueron tan duros como en el comunicado que habla de \u201cexigir\u201d candidato \u00fanico. Incluso, ayer fue Osvaldo Jaldo el que mostr\u00f3 que los jefes provinciales peronistas no tienen una postura firme y com\u00fan. El actual vicegobernador y reci\u00e9n elegido gobernador de Tucum\u00e1n record\u00f3 que cuando tuvo diferencias con Juan Manzur, estas disputas se saldaron con una interna que los llev\u00f3 a la unidad y al triunfo de este domingo en el que rozaron el 60%. Tucuman fue una de las dos provincias que no firmaron el documento. Tampoco lo hizo Santa Fe.<\/p>\n<p>Una vez que escuche la posici\u00f3n de Daniel Scioli, quien insiste con presentarse como candidato presidencial, Insfr\u00e1n tendr\u00e1 que acordar las reglas con el kirchnerismo y con el massismo que el fin de semana se anot\u00f3 en las Paso. Una vez que se avance en el reglamento, el sello quedar\u00e1 inscripto. Hasta ahora nadie habla de otro nombre que el del Frente de Todos con el que se compite desde 2019. Mucho menos de una ruptura.<\/p>\n","protected":false},"excerpt":{"rendered":"<p>Gildo Insfr\u00e1n se reunir\u00e1 con los diferentes sectores de la alianza oficial para acordar el piso de la interna. Mientras se discute si hay PASO o no, se termina el tiempo para la inscripci\u00f3n de las fuerzas que van a competir &nbsp; &nbsp; El gobernador de Formosa, Gildo Insfr\u00e1n, llegar\u00e1 este martes a la ciudad de Buenos Aires para terminar de escuchar a los distintos sectores del Frente de Todos con un objetivo urgente: acordar las reglas de la interna en caso de que se presenten distintas listas para las&#8230;<\/p>\n","protected":false},"author":3,"featured_media":103033,"comment_status":"closed","ping_status":"closed","sticky":false,"template":"","format":"standard","meta":[],"categories":[18],"tags":[],"_links":{"self":[{"href":"https:\/\/www.actualidadadiario.com\/index.php\/wp-json\/wp\/v2\/posts\/103032"}],"collection":[{"href":"https:\/\/www.actualidadadiario.com\/index.php\/wp-json\/wp\/v2\/posts"}],"about":[{"href":"https:\/\/www.actualidadadiario.com\/index.php\/wp-json\/wp\/v2\/types\/post"}],"author":[{"embeddable":true,"href":"https:\/\/www.actualidadadiario.com\/index.php\/wp-json\/wp\/v2\/users\/3"}],"replies":[{"embeddable":true,"href":"https:\/\/www.actualidadadiario.com\/index.php\/wp-json\/wp\/v2\/comments?post=103032"}],"version-history":[{"count":1,"href":"https:\/\/www.actualidadadiario.com\/index.php\/wp-json\/wp\/v2\/posts\/103032\/revisions"}],"predecessor-version":[{"id":103034,"href":"https:\/\/www.actualidadadiario.com\/index.php\/wp-json\/wp\/v2\/posts\/103032\/revisions\/103034"}],"wp:featuredmedia":[{"embeddable":true,"href":"https:\/\/www.actualidadadiario.com\/index.php\/wp-json\/wp\/v2\/media\/103033"}],"wp:attachment":[{"href":"https:\/\/www.actualidadadiario.com\/index.php\/wp-json\/wp\/v2\/media?parent=103032"}],"wp:term":[{"taxonomy":"category","embeddable":true,"href":"https:\/\/www.actualidadadiario.com\/index.php\/wp-json\/wp\/v2\/categories?post=103032"},{"taxonomy":"post_tag","embeddable":true,"href":"https:\/\/www.actualidadadiario.com\/index.php\/wp-json\/wp\/v2\/tags?post=103032"}],"curies":[{"name":"wp","href":"https:\/\/api.w.org\/{rel}","templated":true}]}}