{"id":103028,"date":"2023-06-13T13:30:58","date_gmt":"2023-06-13T16:30:58","guid":{"rendered":"https:\/\/www.actualidadadiario.com\/?p=103028"},"modified":"2023-06-13T13:31:15","modified_gmt":"2023-06-13T16:31:15","slug":"negociaciones-del-mercosur-alberto-fernandez-recibe-a-la-presidenta-de-la-comision-europea","status":"publish","type":"post","link":"https:\/\/www.actualidadadiario.com\/index.php\/2023\/06\/13\/negociaciones-del-mercosur-alberto-fernandez-recibe-a-la-presidenta-de-la-comision-europea\/","title":{"rendered":"Negociaciones del Mercosur: Alberto Fern\u00e1ndez recibe a la presidenta de la Comisi\u00f3n Europea"},"content":{"rendered":"<p style=\"text-align: center;\"><em><strong>Este martes, el mandatario tendr\u00e1n un encuentro con \u00darsula von der Leyen en la Casa Rosada donde dialogar\u00e1n sobre el acuerdo comercial frenado entre el Mercosur y la Uni\u00f3n Europea<\/strong><\/em><\/p>\n<p>&nbsp;<\/p>\n<p>&nbsp;<\/p>\n<p>El presidente Alberto Fern\u00e1ndez mantendr\u00e1 este martes un encuentro bilateral con la Presidenta de la Comisi\u00f3n Europea, \u00darsula von der Leyen, en la Casa Rosada donde se espera que dialoguen sobre el estancado acuerdo comercial entre el Mercosur y la Uni\u00f3n Europea.<\/p>\n<p>La reuni\u00f3n de la que tambi\u00e9n participar\u00e1 el canciller Santiago Cafiero, se enmarca en una gira de la funcionaria de Bruselas que incluye visitas a Brasil, Chile y M\u00e9xico.<\/p>\n<p>En 2019 el acuerdo con la UE fue presentado como un hecho, pero cuatro a\u00f1os m\u00e1s tarde todav\u00eda hay cuestiones pendientes para llevar adelante la implementaci\u00f3n del tratado entre los dos bloques. M\u00e1s a\u00fan con las modificaciones que implica en las condiciones de acceso a los mercados europeos para los productos locales el reciente \u201cPacto Verde\u201d.<\/p>\n<p>A eso se refiri\u00f3 este lunes el presidente de Brasil, Lula da Silva, luego de recibir a Von der Leyen. &#8220;Le expliqu\u00e9 las preocupaciones que tenemos con el instrumento adicional al acuerdo presentado por la Uni\u00f3n Europea. Esto ampl\u00eda las obligaciones de Brasil y lo somete a sanciones en caso de incumplimiento. La premisa que debe existir entre los socios estrat\u00e9gicos es la confianza mutua y no la desconfianza y las sanciones\u201d, dijo el mandatario del pa\u00eds vecino.<\/p>\n<p>El Pacto Verde Europeo contiene un conjunto de iniciativas que buscan la \u201cneutralidad clim\u00e1tica\u201d hacia 2050. Ese marco normativo golpea de forma directa al equilibrio del acuerdo original.<\/p>\n<p>Desde el Mercosur sostienen que un ejemplo es la entrada en vigencia de la Directiva de Energ\u00edas Renovables (RED II) que propone modificar el umbral de Cambio de Uso Indirecto de la Tierra (ILUC). En el caso argentino, impactar\u00e1, entre otros, al biodiesel que en 2022 represent\u00f3 ventas por m\u00e1s de u$s 1.800 millones, un 20% del total.<\/p>\n<p>En este contexto, Argentina y Brasil plantean \u201crevisar\u201d el acuerdo con el bloque europeo teniendo en cuenta las restricciones que implican para el Mercosur las mayores exigencias ambientales. \u201cQueremos un acuerdo revisado con la Uni\u00f3n Europea, adaptado a un mundo y cadenas de valor en transformaci\u00f3n\u201d, dijo el canciller Santiago Cafiero en su \u00faltima visita a Bruselas en enero pasado.<\/p>\n<p>Por su parte, la Presidenta de la Comisi\u00f3n Europea trajo a su gira la propuesta de Global Gateway, un programa de financiamiento con fondos dedicados a la agenda de desarrollo y de apoyo a las tecnolog\u00edas verdes. Este plan podr\u00eda darle a Am\u00e9rica Latina unos u$s10.000 millones y desde el Gobierno explican que el financiamiento para la transici\u00f3n ambiental podr\u00eda ser una de las claves para destrabar la negociaci\u00f3n. Por lo que se espera que sea uno de los puntos que Fern\u00e1ndez y Cafiero aborden con la representante del bloque europeo en la Casa Rosada.<\/p>\n","protected":false},"excerpt":{"rendered":"<p>Este martes, el mandatario tendr\u00e1n un encuentro con \u00darsula von der Leyen en la Casa Rosada donde dialogar\u00e1n sobre el acuerdo comercial frenado entre el Mercosur y la Uni\u00f3n Europea &nbsp; &nbsp; El presidente Alberto Fern\u00e1ndez mantendr\u00e1 este martes un encuentro bilateral con la Presidenta de la Comisi\u00f3n Europea, \u00darsula von der Leyen, en la Casa Rosada donde se espera que dialoguen sobre el estancado acuerdo comercial entre el Mercosur y la Uni\u00f3n Europea. La reuni\u00f3n de la que tambi\u00e9n participar\u00e1 el canciller Santiago Cafiero, se enmarca en una gira&#8230;<\/p>\n","protected":false},"author":3,"featured_media":103029,"comment_status":"closed","ping_status":"closed","sticky":false,"template":"","format":"standard","meta":[],"categories":[18],"tags":[],"_links":{"self":[{"href":"https:\/\/www.actualidadadiario.com\/index.php\/wp-json\/wp\/v2\/posts\/103028"}],"collection":[{"href":"https:\/\/www.actualidadadiario.com\/index.php\/wp-json\/wp\/v2\/posts"}],"about":[{"href":"https:\/\/www.actualidadadiario.com\/index.php\/wp-json\/wp\/v2\/types\/post"}],"author":[{"embeddable":true,"href":"https:\/\/www.actualidadadiario.com\/index.php\/wp-json\/wp\/v2\/users\/3"}],"replies":[{"embeddable":true,"href":"https:\/\/www.actualidadadiario.com\/index.php\/wp-json\/wp\/v2\/comments?post=103028"}],"version-history":[{"count":2,"href":"https:\/\/www.actualidadadiario.com\/index.php\/wp-json\/wp\/v2\/posts\/103028\/revisions"}],"predecessor-version":[{"id":103031,"href":"https:\/\/www.actualidadadiario.com\/index.php\/wp-json\/wp\/v2\/posts\/103028\/revisions\/103031"}],"wp:featuredmedia":[{"embeddable":true,"href":"https:\/\/www.actualidadadiario.com\/index.php\/wp-json\/wp\/v2\/media\/103029"}],"wp:attachment":[{"href":"https:\/\/www.actualidadadiario.com\/index.php\/wp-json\/wp\/v2\/media?parent=103028"}],"wp:term":[{"taxonomy":"category","embeddable":true,"href":"https:\/\/www.actualidadadiario.com\/index.php\/wp-json\/wp\/v2\/categories?post=103028"},{"taxonomy":"post_tag","embeddable":true,"href":"https:\/\/www.actualidadadiario.com\/index.php\/wp-json\/wp\/v2\/tags?post=103028"}],"curies":[{"name":"wp","href":"https:\/\/api.w.org\/{rel}","templated":true}]}}