{"id":103022,"date":"2023-06-13T13:29:23","date_gmt":"2023-06-13T16:29:23","guid":{"rendered":"https:\/\/www.actualidadadiario.com\/?p=103022"},"modified":"2023-06-13T13:29:23","modified_gmt":"2023-06-13T16:29:23","slug":"fuerte-cruce-entre-morales-y-bullrich","status":"publish","type":"post","link":"https:\/\/www.actualidadadiario.com\/index.php\/2023\/06\/13\/fuerte-cruce-entre-morales-y-bullrich\/","title":{"rendered":"Fuerte cruce entre Morales y Bullrich"},"content":{"rendered":"<p style=\"text-align: center;\"><em><strong>El gobernador de Jujuy dijo que la ex ministra de Seguridad est\u00e1 &#8220;alterada&#8221; y provoc\u00f3 que la dirigente del PRO saliera al cruce y redoblara la apuesta: \u201ces lo \u00faltimo que voy a hacer\u201d<\/strong><\/em><\/p>\n<p>&nbsp;<\/p>\n<p>&nbsp;<\/p>\n<p>Con la interna de Juntos por el Cambio recrudecida, en medio de la discusi\u00f3n por la ampliaci\u00f3n de la coalici\u00f3n opositora, el gobernador de Jujuy, Gerardo Morales, dijo que la precandidata presidencial del PRO Patricia Bullrich est\u00e1 &#8220;alterada&#8221; y la ex ministra de Seguridad le sali\u00f3 al cruce. &#8220;Si Patricia baja un cambio y deja de desacreditar, yo creo que va a ir por andariveles normales&#8221;, enfatiz\u00f3 el precandidato presidencial del radicalismo a menos de 15 d\u00edas para el cierre de listas.<\/p>\n<p>Al finalizar la Convenci\u00f3n Nacional de la UCR, Morales complet\u00f3: &#8220;Creo que lo que se tiene que dar es un debate de ideas, pero si sigue alterada como est\u00e1, se va alterar la campa\u00f1a&#8221;. En tanto, la dirigente del PRO, muy lejos de \u201cbajar\u201d los decibeles, sali\u00f3 con los tapones de punta a trav\u00e9s de publicaci\u00f3n en su cuenta de Twitter: &#8220;Gerardo, lo \u00faltimo que voy a hacer es &#8216;bajar un cambio&#8217;. Ir a fondo es lo que nos define como espacio y lo que la sociedad nos demanda. O somos un cambio profundo de la mano de la gente o seguimos con los arreglos entre pol\u00edticos y no somos nada&#8221;.<\/p>\n<p>En un intento por bajarle el tono de la discusi\u00f3n, el titular del radicalismo respondi\u00f3 el posteo de Bullrich: &#8220;Estimada Patricia, me refiero a no escalar descalificaciones verbales. No voy a redoblar para ver qui\u00e9n tiene m\u00e1s coraje para afrontar lo que viene y tomar decisiones&#8221;. &#8220;Lo que hice, lo que tuve que afrontar, Milagro Sala y delincuentes que est\u00e1n presos y las decisiones de Gobierno para transformar mi provincia, hablan por m\u00ed&#8221;, subray\u00f3 Morales.<\/p>\n<p>Sin embargo, en el tramo final de su respuesta volvi\u00f3 a elevar la confrontaci\u00f3n: &#8220;Te sugiero que retomemos el debate de ideas y no el de las descalificaciones bravuconas&#8221;. &#8220;El camino es la ampliaci\u00f3n y nuestra unidad&#8221;, reiter\u00f3 Morales, en medio de las fricciones que se generaron en las \u00faltimas semanas ante la insistencia de ampliar Juntos por el Cambio.<\/p>\n<p>El cruce entre Morales y Bullrich forma parte de un nuevo cap\u00edtulo de una interna que est\u00e1 al rojo vivo, debido a que la precandidata presidencial del PRO y Mauricio resisten la iniciativa de sumar a Juan Schiaretti a 24 horas de que se cumpla la fecha l\u00edmite para la presentaci\u00f3n de las alianzas electorales.<\/p>\n","protected":false},"excerpt":{"rendered":"<p>El gobernador de Jujuy dijo que la ex ministra de Seguridad est\u00e1 &#8220;alterada&#8221; y provoc\u00f3 que la dirigente del PRO saliera al cruce y redoblara la apuesta: \u201ces lo \u00faltimo que voy a hacer\u201d &nbsp; &nbsp; Con la interna de Juntos por el Cambio recrudecida, en medio de la discusi\u00f3n por la ampliaci\u00f3n de la coalici\u00f3n opositora, el gobernador de Jujuy, Gerardo Morales, dijo que la precandidata presidencial del PRO Patricia Bullrich est\u00e1 &#8220;alterada&#8221; y la ex ministra de Seguridad le sali\u00f3 al cruce. &#8220;Si Patricia baja un cambio y&#8230;<\/p>\n","protected":false},"author":3,"featured_media":103023,"comment_status":"closed","ping_status":"closed","sticky":false,"template":"","format":"standard","meta":[],"categories":[18],"tags":[],"_links":{"self":[{"href":"https:\/\/www.actualidadadiario.com\/index.php\/wp-json\/wp\/v2\/posts\/103022"}],"collection":[{"href":"https:\/\/www.actualidadadiario.com\/index.php\/wp-json\/wp\/v2\/posts"}],"about":[{"href":"https:\/\/www.actualidadadiario.com\/index.php\/wp-json\/wp\/v2\/types\/post"}],"author":[{"embeddable":true,"href":"https:\/\/www.actualidadadiario.com\/index.php\/wp-json\/wp\/v2\/users\/3"}],"replies":[{"embeddable":true,"href":"https:\/\/www.actualidadadiario.com\/index.php\/wp-json\/wp\/v2\/comments?post=103022"}],"version-history":[{"count":1,"href":"https:\/\/www.actualidadadiario.com\/index.php\/wp-json\/wp\/v2\/posts\/103022\/revisions"}],"predecessor-version":[{"id":103024,"href":"https:\/\/www.actualidadadiario.com\/index.php\/wp-json\/wp\/v2\/posts\/103022\/revisions\/103024"}],"wp:featuredmedia":[{"embeddable":true,"href":"https:\/\/www.actualidadadiario.com\/index.php\/wp-json\/wp\/v2\/media\/103023"}],"wp:attachment":[{"href":"https:\/\/www.actualidadadiario.com\/index.php\/wp-json\/wp\/v2\/media?parent=103022"}],"wp:term":[{"taxonomy":"category","embeddable":true,"href":"https:\/\/www.actualidadadiario.com\/index.php\/wp-json\/wp\/v2\/categories?post=103022"},{"taxonomy":"post_tag","embeddable":true,"href":"https:\/\/www.actualidadadiario.com\/index.php\/wp-json\/wp\/v2\/tags?post=103022"}],"curies":[{"name":"wp","href":"https:\/\/api.w.org\/{rel}","templated":true}]}}