{"id":103020,"date":"2023-06-13T13:48:29","date_gmt":"2023-06-13T16:48:29","guid":{"rendered":"https:\/\/www.actualidadadiario.com\/?p=103020"},"modified":"2023-06-13T13:58:43","modified_gmt":"2023-06-13T16:58:43","slug":"cierra-el-plazo-para-inscribir-alianzas-48-horas-freneticas-en-el-fdt-y-jxc","status":"publish","type":"post","link":"https:\/\/www.actualidadadiario.com\/index.php\/2023\/06\/13\/cierra-el-plazo-para-inscribir-alianzas-48-horas-freneticas-en-el-fdt-y-jxc\/","title":{"rendered":"Cierra el plazo para inscribir alianzas: 48 horas fren\u00e9ticas en el FdT y JxC"},"content":{"rendered":"<p style=\"text-align: center;\"><em><strong>Este mi\u00e9rcoles 14 de junio a la medianoche &#8220;vence el plazo de solicitud de reconocimiento de alianzas transitorias y confederaciones para participar&#8221; en las PASO, seg\u00fan indica el cronograma establecido por la C\u00e1mara Nacional Electoral<\/strong><\/em><\/p>\n<p>&nbsp;<\/p>\n<p>&nbsp;<\/p>\n<p>A 60 d\u00edas de las primarias abiertas, simult\u00e1neas y obligatorias (PASO) del 13 de agosto, el cronograma electoral tiene el pr\u00f3ximo mi\u00e9rcoles una fecha clave: la inscripci\u00f3n de alianzas, en momentos de plenas definiciones en las dos coaliciones pol\u00edticas m\u00e1s importantes, el Frente de Todos y Juntos por el Cambio.<\/p>\n<p>Este mi\u00e9rcoles 14 de junio a la medianoche &#8220;vence el plazo de solicitud de reconocimiento de alianzas transitorias y confederaciones para participar&#8221; en las PASO, seg\u00fan indica el cronograma establecido por la C\u00e1mara Nacional Electoral.<\/p>\n<p>Pero lo que es un acto meramente administrativo ante las juntas partidarias se convirti\u00f3, tradicionalmente, en un punto para negociaciones febriles que se extienden hasta el \u00faltimo minuto.<\/p>\n<p>Las dos principales coaliciones nacionales, el Frente de Todos (FDT) y Juntos por el Cambio (JXC), deber\u00e1n determinar si se presentan en las PASO con las mismas denominaciones de sus frentes y si mantienen la alianza de partidos, incluyen nuevos o van en forma separada a los comicios.<\/p>\n<p>&nbsp;<\/p>\n<p><strong>La interna en Juntos por el Cambio<\/strong><\/p>\n<p>Juntos por el Cambio, la principal coalici\u00f3n opositora, atraviesa tambi\u00e9n una disyuntiva: la suma de nuevos aliados se puede traducir en una ampliaci\u00f3n que termine fragmentando el espacio. La Uni\u00f3n C\u00edvica Radical (UCR) realiz\u00f3 el lunes su hist\u00f3rica Convenci\u00f3n Nacional en la que ratific\u00f3 su pertenencia a Juntos por el Cambio y dej\u00f3 en claro su vocaci\u00f3n de ampliar la coalici\u00f3n opositora, pero sin mencionar al peronista Juan Schiaretti.<\/p>\n<p>Adem\u00e1s, la declaraci\u00f3n incluy\u00f3 dardos para el precandidato presidencial libertario Javier Milei.<\/p>\n<p>En cambio, el liberal que s\u00ed desembarc\u00f3 en la alianza que tiene como principales socios al PRO, a la UCR y a la Coalici\u00f3n C\u00edvica, es Jos\u00e9 Luis Espert, quien fue recibido esta semana en sociedad y dijo que el principal punto de acuerdo es el antikirchnerismo.<\/p>\n<p>La llegada de Schiaretti podr\u00eda significar la siguiente contradicci\u00f3n: que forme parte de una lista de precandidatos del larretismo el 24 de junio y que el 25 compita con su candidato contra Juntos por el Cambio en la elecci\u00f3n de C\u00f3rdoba.<\/p>\n<p>&nbsp;<\/p>\n<p><strong>La situaci\u00f3n en el Frente de Todos<\/strong><\/p>\n<p>En tanto, en el Frente de Todos, aunque la definici\u00f3n formal de los candidatos ser\u00e1 reci\u00e9n el 24 de junio, la inscripci\u00f3n de frentes diversos de lo que fue el FdT en la provincia podr\u00eda significar una estrategia para evitar una primaria en ese distrito que comanda Axel Kicillof, quien buscar\u00e1 su reelecci\u00f3n, contra la precandidata del &#8216;sciolismo&#8217; Victoria Tolosa Paz.<\/p>\n<p>Mientras a nivel nacional cuenta con al menos tres precandidatos a presidente (Daniel Scioli, Agust\u00edn Rossi y Juan Grabois), a Eduardo \u201cWado\u201d de Pedro se lo menciona como posible postulante y se desconoce a\u00fan cu\u00e1l ser\u00e1 la definici\u00f3n del Frente Renovador de Sergio Massa; la presentaci\u00f3n de una nueva alianza en la provincia podr\u00eda derivar en que Kicillof vaya como candidato de alguno de los aspirantes a la Casa Rosada y no de todos.<\/p>\n<p>El rechazo a definir el postulante a presidente en la PASO es sostenida, primordialmente, por los sectores m\u00e1s cercanos a Cristina Kirchner y al ministro de Econom\u00eda, quienes propician un candidato de unidad.<\/p>\n","protected":false},"excerpt":{"rendered":"<p>Este mi\u00e9rcoles 14 de junio a la medianoche &#8220;vence el plazo de solicitud de reconocimiento de alianzas transitorias y confederaciones para participar&#8221; en las PASO, seg\u00fan indica el cronograma establecido por la C\u00e1mara Nacional Electoral &nbsp; &nbsp; A 60 d\u00edas de las primarias abiertas, simult\u00e1neas y obligatorias (PASO) del 13 de agosto, el cronograma electoral tiene el pr\u00f3ximo mi\u00e9rcoles una fecha clave: la inscripci\u00f3n de alianzas, en momentos de plenas definiciones en las dos coaliciones pol\u00edticas m\u00e1s importantes, el Frente de Todos y Juntos por el Cambio. Este mi\u00e9rcoles 14&#8230;<\/p>\n","protected":false},"author":3,"featured_media":91464,"comment_status":"closed","ping_status":"closed","sticky":false,"template":"","format":"standard","meta":[],"categories":[9,18],"tags":[],"_links":{"self":[{"href":"https:\/\/www.actualidadadiario.com\/index.php\/wp-json\/wp\/v2\/posts\/103020"}],"collection":[{"href":"https:\/\/www.actualidadadiario.com\/index.php\/wp-json\/wp\/v2\/posts"}],"about":[{"href":"https:\/\/www.actualidadadiario.com\/index.php\/wp-json\/wp\/v2\/types\/post"}],"author":[{"embeddable":true,"href":"https:\/\/www.actualidadadiario.com\/index.php\/wp-json\/wp\/v2\/users\/3"}],"replies":[{"embeddable":true,"href":"https:\/\/www.actualidadadiario.com\/index.php\/wp-json\/wp\/v2\/comments?post=103020"}],"version-history":[{"count":1,"href":"https:\/\/www.actualidadadiario.com\/index.php\/wp-json\/wp\/v2\/posts\/103020\/revisions"}],"predecessor-version":[{"id":103021,"href":"https:\/\/www.actualidadadiario.com\/index.php\/wp-json\/wp\/v2\/posts\/103020\/revisions\/103021"}],"wp:featuredmedia":[{"embeddable":true,"href":"https:\/\/www.actualidadadiario.com\/index.php\/wp-json\/wp\/v2\/media\/91464"}],"wp:attachment":[{"href":"https:\/\/www.actualidadadiario.com\/index.php\/wp-json\/wp\/v2\/media?parent=103020"}],"wp:term":[{"taxonomy":"category","embeddable":true,"href":"https:\/\/www.actualidadadiario.com\/index.php\/wp-json\/wp\/v2\/categories?post=103020"},{"taxonomy":"post_tag","embeddable":true,"href":"https:\/\/www.actualidadadiario.com\/index.php\/wp-json\/wp\/v2\/tags?post=103020"}],"curies":[{"name":"wp","href":"https:\/\/api.w.org\/{rel}","templated":true}]}}