{"id":103013,"date":"2023-06-13T13:25:49","date_gmt":"2023-06-13T16:25:49","guid":{"rendered":"https:\/\/www.actualidadadiario.com\/?p=103013"},"modified":"2023-06-13T13:25:49","modified_gmt":"2023-06-13T16:25:49","slug":"se-constituyo-formalmente-la-alianza-de-juntos-por-entre-rios-con-casi-30-agrupaciones-politicas","status":"publish","type":"post","link":"https:\/\/www.actualidadadiario.com\/index.php\/2023\/06\/13\/se-constituyo-formalmente-la-alianza-de-juntos-por-entre-rios-con-casi-30-agrupaciones-politicas\/","title":{"rendered":"Se constituy\u00f3 formalmente la alianza de Juntos por Entre R\u00edos con casi 30 agrupaciones pol\u00edticas"},"content":{"rendered":"<p style=\"text-align: center;\"><em><strong>Este 14 es la fecha de inscripci\u00f3n de los frentes electorales ante al Tribunal Electoral. Juntos por Entre R\u00edos hizo lo propio y oficializ\u00f3 su espacio conformado provincialmente por la UCR, el PRO, el GEN, el Socialismo, el partido vecinal Nueva Generaci\u00f3n y el Movimiento Social Entrerriano. De esta manera, el frente que impulsa a Rogelio Frigerio como gobernador se constituy\u00f3 en el m\u00e1s amplio del pa\u00eds<\/strong><\/em><\/p>\n<p>&nbsp;<\/p>\n<p>&nbsp;<\/p>\n<p>Adhirieron tambi\u00e9n al frente Gualeguaych\u00fa de Pie; Partido Vecinal Uruguay se Puede; Frente Amplio; Partido provincial Nuevo Espacio; Valores por La Paz; Uni\u00f3n Vecinal Diamante; Nuevo Espacio Ramirense; Uni\u00f3n Vecinal San Jos\u00e9; Nuevo Espacio San Jos\u00e9; Unidos por el Futuro; Vecinalismo Colonense; Construcci\u00f3n Ciudadana; Junta Vecinal Ubajay; Uni\u00f3n Popular Federal; Movimiento de Integraci\u00f3n y Desarrollo; Concordia Presente; Republicanos Unidos; Movimiento Vecinalistas Hasenkampenses; Movimiento de Interacci\u00f3n Vecinal de Crespo.<\/p>\n<p>En este marco el precandidato a gobernador expres\u00f3 que \u201ccon casi la mitad de nuestra poblaci\u00f3n por debajo de la l\u00ednea de pobreza y con el 60% de j\u00f3venes pobres, Argentina y nuestra provincia est\u00e1 en un estadio pre-ideol\u00f3gico\u201d, y agreg\u00f3: \u201cLo que necesitamos son pol\u00edticas fundadas principalmente en el sentido com\u00fan y eso es precisamente lo que amalgama la conformaci\u00f3n de este frente tan diverso\u201d.<\/p>\n","protected":false},"excerpt":{"rendered":"<p>Este 14 es la fecha de inscripci\u00f3n de los frentes electorales ante al Tribunal Electoral. Juntos por Entre R\u00edos hizo lo propio y oficializ\u00f3 su espacio conformado provincialmente por la UCR, el PRO, el GEN, el Socialismo, el partido vecinal Nueva Generaci\u00f3n y el Movimiento Social Entrerriano. De esta manera, el frente que impulsa a Rogelio Frigerio como gobernador se constituy\u00f3 en el m\u00e1s amplio del pa\u00eds &nbsp; &nbsp; Adhirieron tambi\u00e9n al frente Gualeguaych\u00fa de Pie; Partido Vecinal Uruguay se Puede; Frente Amplio; Partido provincial Nuevo Espacio; Valores por La&#8230;<\/p>\n","protected":false},"author":3,"featured_media":79663,"comment_status":"closed","ping_status":"closed","sticky":false,"template":"","format":"standard","meta":[],"categories":[9,15],"tags":[],"_links":{"self":[{"href":"https:\/\/www.actualidadadiario.com\/index.php\/wp-json\/wp\/v2\/posts\/103013"}],"collection":[{"href":"https:\/\/www.actualidadadiario.com\/index.php\/wp-json\/wp\/v2\/posts"}],"about":[{"href":"https:\/\/www.actualidadadiario.com\/index.php\/wp-json\/wp\/v2\/types\/post"}],"author":[{"embeddable":true,"href":"https:\/\/www.actualidadadiario.com\/index.php\/wp-json\/wp\/v2\/users\/3"}],"replies":[{"embeddable":true,"href":"https:\/\/www.actualidadadiario.com\/index.php\/wp-json\/wp\/v2\/comments?post=103013"}],"version-history":[{"count":1,"href":"https:\/\/www.actualidadadiario.com\/index.php\/wp-json\/wp\/v2\/posts\/103013\/revisions"}],"predecessor-version":[{"id":103014,"href":"https:\/\/www.actualidadadiario.com\/index.php\/wp-json\/wp\/v2\/posts\/103013\/revisions\/103014"}],"wp:featuredmedia":[{"embeddable":true,"href":"https:\/\/www.actualidadadiario.com\/index.php\/wp-json\/wp\/v2\/media\/79663"}],"wp:attachment":[{"href":"https:\/\/www.actualidadadiario.com\/index.php\/wp-json\/wp\/v2\/media?parent=103013"}],"wp:term":[{"taxonomy":"category","embeddable":true,"href":"https:\/\/www.actualidadadiario.com\/index.php\/wp-json\/wp\/v2\/categories?post=103013"},{"taxonomy":"post_tag","embeddable":true,"href":"https:\/\/www.actualidadadiario.com\/index.php\/wp-json\/wp\/v2\/tags?post=103013"}],"curies":[{"name":"wp","href":"https:\/\/api.w.org\/{rel}","templated":true}]}}